{"id":55505,"date":"2019-07-02T11:13:43","date_gmt":"2019-07-02T14:13:43","guid":{"rendered":"https:\/\/eldiariodesanpedro.com.ar\/sitio\/?p=55505"},"modified":"2019-07-02T11:13:47","modified_gmt":"2019-07-02T14:13:47","slug":"un-hombre-fue-estafado-a-traves-de-facebook","status":"publish","type":"post","link":"https:\/\/eldiariodesanpedro.com.ar\/sitio\/un-hombre-fue-estafado-a-traves-de-facebook\/","title":{"rendered":"Un hombre fue estafado a trav\u00e9s de Facebook"},"content":{"rendered":"<!-- VideographyWP Plugin Message: Automatic video embedding prevented by plugin options. -->\n\n<p>Este lunes en la comisar\u00eda de nuestra ciudad se recibi\u00f3 la denuncia de un hombre de 44 a\u00f1os de edad quien result\u00f3 estafado a trav\u00e9s de la red social Facebook.<\/p>\n\n\n\n<p>El perjudicado declaro que el pasado mes de mayo se contactaron con \u00e9l mediante Facebook a traves de una pagina denominada \u00abEfectivo Cash\u00bb ofreciendo un prestamo de dinero en efectivo, por lo que el hombre brinda todos los datos personales y bancarios con el fin de obtener ayuda econ\u00f3mica, pero resulta enga\u00f1ado en su buena fe, ya que con los datos obtenidos estos delincuentes ingresan v\u00eda online banking a su ceunta bancaria realizando extracciones.<\/p>\n\n\n\n<p>Tras lo sucedido vuelve a tratar de comunicarse al perfil por el que fue contactado descubriendo que el mismo fue eliminado. <\/p>\n\n\n\n<p>Tom\u00f3 intervenci\u00f3n la fiscalia local quien investigara el delito. <\/p>\n","protected":false},"excerpt":{"rendered":"<p>Este lunes en la comisar\u00eda de nuestra ciudad se recibi\u00f3 la denuncia de un hombre de 44 a\u00f1os de edad quien result\u00f3 estafado a trav\u00e9s de la red social Facebook. El perjudicado declaro que el pasado mes de mayo se contactaron con \u00e9l mediante Facebook a traves de una pagina denominada \u00abEfectivo Cash\u00bb ofreciendo un [&hellip;]<\/p>\n","protected":false},"author":4,"featured_media":55506,"comment_status":"open","ping_status":"closed","sticky":false,"template":"","format":"standard","meta":{"om_disable_all_campaigns":false,"_jetpack_memberships_contains_paid_content":false,"footnotes":""},"categories":[2,103],"tags":[],"class_list":["post-55505","post","type-post","status-publish","format-standard","has-post-thumbnail","hentry","category-locales","category-policiales-locales"],"aioseo_notices":[],"gutentor_comment":0,"jetpack_featured_media_url":"https:\/\/eldiariodesanpedro.com.ar\/sitio\/wp-content\/uploads\/2019\/07\/470275_landscape.jpg","jetpack_shortlink":"https:\/\/wp.me\/p6RhLt-erf","jetpack_sharing_enabled":true,"_links":{"self":[{"href":"https:\/\/eldiariodesanpedro.com.ar\/sitio\/wp-json\/wp\/v2\/posts\/55505","targetHints":{"allow":["GET"]}}],"collection":[{"href":"https:\/\/eldiariodesanpedro.com.ar\/sitio\/wp-json\/wp\/v2\/posts"}],"about":[{"href":"https:\/\/eldiariodesanpedro.com.ar\/sitio\/wp-json\/wp\/v2\/types\/post"}],"author":[{"embeddable":true,"href":"https:\/\/eldiariodesanpedro.com.ar\/sitio\/wp-json\/wp\/v2\/users\/4"}],"replies":[{"embeddable":true,"href":"https:\/\/eldiariodesanpedro.com.ar\/sitio\/wp-json\/wp\/v2\/comments?post=55505"}],"version-history":[{"count":1,"href":"https:\/\/eldiariodesanpedro.com.ar\/sitio\/wp-json\/wp\/v2\/posts\/55505\/revisions"}],"predecessor-version":[{"id":55507,"href":"https:\/\/eldiariodesanpedro.com.ar\/sitio\/wp-json\/wp\/v2\/posts\/55505\/revisions\/55507"}],"wp:featuredmedia":[{"embeddable":true,"href":"https:\/\/eldiariodesanpedro.com.ar\/sitio\/wp-json\/wp\/v2\/media\/55506"}],"wp:attachment":[{"href":"https:\/\/eldiariodesanpedro.com.ar\/sitio\/wp-json\/wp\/v2\/media?parent=55505"}],"wp:term":[{"taxonomy":"category","embeddable":true,"href":"https:\/\/eldiariodesanpedro.com.ar\/sitio\/wp-json\/wp\/v2\/categories?post=55505"},{"taxonomy":"post_tag","embeddable":true,"href":"https:\/\/eldiariodesanpedro.com.ar\/sitio\/wp-json\/wp\/v2\/tags?post=55505"}],"curies":[{"name":"wp","href":"https:\/\/api.w.org\/{rel}","templated":true}]}}