{"id":55501,"date":"2019-07-02T10:56:34","date_gmt":"2019-07-02T13:56:34","guid":{"rendered":"https:\/\/eldiariodesanpedro.com.ar\/sitio\/?p=55501"},"modified":"2019-07-02T10:56:39","modified_gmt":"2019-07-02T13:56:39","slug":"gresca-entre-dos-mujeres","status":"publish","type":"post","link":"https:\/\/eldiariodesanpedro.com.ar\/sitio\/gresca-entre-dos-mujeres\/","title":{"rendered":"Gresca entre dos mujeres"},"content":{"rendered":"<!-- VideographyWP Plugin Message: Automatic video embedding prevented by plugin options. -->\n\n<p>En la tarde de este lunes dos mujeres mayores de edad, se trenzaron en golpes de pu\u00f1o en la vereda del Hospital Local, sobre calle 25 de Mayo .<\/p>\n\n\n\n<p>La gresca se produjo delante de sus hijos menores de edad, por motivos de data anterior y cuestiones menores. <\/p>\n\n\n\n<p>Ambas personas resultaron lesionadas en rostro con rasgu\u00f1os consideradas  lesiones leves y tras la discusi\u00f3n radicaron la denuncia en la comisar\u00eda local.<\/p>\n","protected":false},"excerpt":{"rendered":"<p>En la tarde de este lunes dos mujeres mayores de edad, se trenzaron en golpes de pu\u00f1o en la vereda del Hospital Local, sobre calle 25 de Mayo . La gresca se produjo delante de sus hijos menores de edad, por motivos de data anterior y cuestiones menores. Ambas personas resultaron lesionadas en rostro con [&hellip;]<\/p>\n","protected":false},"author":4,"featured_media":13370,"comment_status":"open","ping_status":"closed","sticky":false,"template":"","format":"standard","meta":{"om_disable_all_campaigns":false,"_jetpack_memberships_contains_paid_content":false,"footnotes":""},"categories":[2,103],"tags":[],"class_list":["post-55501","post","type-post","status-publish","format-standard","has-post-thumbnail","hentry","category-locales","category-policiales-locales"],"aioseo_notices":[],"gutentor_comment":0,"jetpack_featured_media_url":"https:\/\/eldiariodesanpedro.com.ar\/sitio\/wp-content\/uploads\/2017\/01\/Patrulla-2-e1485286083962.jpg","jetpack_shortlink":"https:\/\/wp.me\/p6RhLt-erb","jetpack_sharing_enabled":true,"_links":{"self":[{"href":"https:\/\/eldiariodesanpedro.com.ar\/sitio\/wp-json\/wp\/v2\/posts\/55501","targetHints":{"allow":["GET"]}}],"collection":[{"href":"https:\/\/eldiariodesanpedro.com.ar\/sitio\/wp-json\/wp\/v2\/posts"}],"about":[{"href":"https:\/\/eldiariodesanpedro.com.ar\/sitio\/wp-json\/wp\/v2\/types\/post"}],"author":[{"embeddable":true,"href":"https:\/\/eldiariodesanpedro.com.ar\/sitio\/wp-json\/wp\/v2\/users\/4"}],"replies":[{"embeddable":true,"href":"https:\/\/eldiariodesanpedro.com.ar\/sitio\/wp-json\/wp\/v2\/comments?post=55501"}],"version-history":[{"count":1,"href":"https:\/\/eldiariodesanpedro.com.ar\/sitio\/wp-json\/wp\/v2\/posts\/55501\/revisions"}],"predecessor-version":[{"id":55502,"href":"https:\/\/eldiariodesanpedro.com.ar\/sitio\/wp-json\/wp\/v2\/posts\/55501\/revisions\/55502"}],"wp:featuredmedia":[{"embeddable":true,"href":"https:\/\/eldiariodesanpedro.com.ar\/sitio\/wp-json\/wp\/v2\/media\/13370"}],"wp:attachment":[{"href":"https:\/\/eldiariodesanpedro.com.ar\/sitio\/wp-json\/wp\/v2\/media?parent=55501"}],"wp:term":[{"taxonomy":"category","embeddable":true,"href":"https:\/\/eldiariodesanpedro.com.ar\/sitio\/wp-json\/wp\/v2\/categories?post=55501"},{"taxonomy":"post_tag","embeddable":true,"href":"https:\/\/eldiariodesanpedro.com.ar\/sitio\/wp-json\/wp\/v2\/tags?post=55501"}],"curies":[{"name":"wp","href":"https:\/\/api.w.org\/{rel}","templated":true}]}}