{"id":5550,"date":"2016-06-17T19:09:18","date_gmt":"2016-06-17T22:09:18","guid":{"rendered":"https:\/\/eldiariodesanpedro.com.ar\/sitio\/?p=5550"},"modified":"2016-06-17T19:09:18","modified_gmt":"2016-06-17T22:09:18","slug":"antonijevic-dijo-que-hara-todo-lo-posible-para-recuperar-el-edificio-de-la-estacion-de-tren-de-baradero","status":"publish","type":"post","link":"https:\/\/eldiariodesanpedro.com.ar\/sitio\/antonijevic-dijo-que-hara-todo-lo-posible-para-recuperar-el-edificio-de-la-estacion-de-tren-de-baradero\/","title":{"rendered":"Antonijevic dijo que har\u00e1 todo lo posible para recuperar el edificio de la estaci\u00f3n de tren de Baradero"},"content":{"rendered":"<p><!-- VideographyWP Plugin Message: Automatic video embedding prevented by plugin options. --><br \/>\n\u00abLa formaci\u00f3n de pasajeros del Ferrocarril Mitre llen\u00f3 de vida los andenes de las estaciones de ferrocarril de Campana, Z\u00e1rate, San Pedro y Ramallo. Nuestra propia \u2018desidia\u2019 nos priv\u00f3 de la emoci\u00f3n de volver a recibirlo en nuestra estaci\u00f3n. Prometo hacer todo lo que est\u00e9 a mi alcance, para que nuestro hist\u00f3rico edificio recupere su esplendor y el \u2018r\u00e1pido\u2019 Buenos Aires-Rosario, vuelva a detenerse en la mejor estaci\u00f3n de su recorrido\u00bb: de esta manera, en su cuenta de Facebook, se refiri\u00f3 la intendenta de Baradero.<br \/>\nCabe recordar que el 28 de agosto de 2013, se produjo un incendio en el edificio de la estaci\u00f3n de la localidad. A pesar del esfuerzo de los Bomberos, que desplegaron todo su equipamiento, las llamas se fueron extendiendo de punta a punta hasta consumir la totalidad del mobiliario \u2013puertas, marcos, ventanas, tirantes, chapas\u2013, dejando solo en pie la estructura de material, la cual tambi\u00e9n ha sido da\u00f1ada.<br \/>\nEl nuevo servicio Retiro-Rosario <\/p>\n<p>El ministerio de Transporte de la Naci\u00f3n, a trav\u00e9s de la Operadora Ferroviaria (SOFSE), prolong\u00f3 a partir del d\u00eda mi\u00e9rcoles 15 de junio el actual servicio Retiro-Rosario Sur hasta Rosario Norte, que es la estaci\u00f3n ubicada en la zona m\u00e1s c\u00e9ntrica de la Ciudad y sum\u00f3 nuevas paradas intermedias: Ramallo y San Pedro. El servicio se extender\u00e1 en 21,4 km y pasar\u00e1 de transportar 4000 a 10000 pasajeros mensuales.<br \/>\nEl servicio Rosario-Retiro originalmente ten\u00eda como estaci\u00f3n terminal Rosario Norte, pero en marzo de 2014 se suspendi\u00f3 y cuando se restableci\u00f3 se lo hizo llegar hasta la estaci\u00f3n Rosario Sur. La extensi\u00f3n del servicio, incorporando paradas intermedias, tiene como fin potenciar el ramal y que m\u00e1s gente utilice el tren como alternativa de viaje. Adem\u00e1s, se acondicionaron espacios dentro de la estaci\u00f3n y se adecuaron las trazas de colectivos.<br \/>\nEl servicio se presta de lunes a domingo con capacidad para 313 pasajeros. Sale de Retiro a las 16:00 y desde Rosario Sur a las 0:55. El tiempo de viaje es de 6 horas 25 minutos. Tiene paradas intermedias en Campana, Z\u00e1rate y San Nicol\u00e1s. A partir de ma\u00f1ana, el servicio funcionar\u00e1 con trenes desde Retiro a las 16.00 llegando a Rosario Norte a las 22.57, y desde Rosario Norte a las 0.20, que llega a Retiro a las 7.20.<br \/>\nParalelamente, desde el Ministerio de Transporte se contin\u00faa trabajando en la renovaci\u00f3n de los 527 km de v\u00edas entre Bancalari y Rosario. La obra est\u00e1 dividida en 12 tramos. La v\u00eda descendente ya est\u00e1 finalizada y se espera terminar con la renovaci\u00f3n de la v\u00eda ascendente en diciembre de 2016. En ese sentido, tambi\u00e9n se van a comenzar obras en las estaciones de San Nicol\u00e1s y San Pedro.<\/p>\n","protected":false},"excerpt":{"rendered":"<p>\u00abLa formaci\u00f3n de pasajeros del Ferrocarril Mitre llen\u00f3 de vida los andenes de las estaciones de ferrocarril de Campana, Z\u00e1rate, San Pedro y Ramallo. Nuestra propia \u2018desidia\u2019 nos priv\u00f3 de la emoci\u00f3n de volver a recibirlo en nuestra estaci\u00f3n. Prometo hacer todo lo que est\u00e9 a mi alcance, para que nuestro hist\u00f3rico edificio recupere su [&hellip;]<\/p>\n","protected":false},"author":4,"featured_media":5551,"comment_status":"open","ping_status":"closed","sticky":false,"template":"","format":"standard","meta":{"om_disable_all_campaigns":false,"_jetpack_memberships_contains_paid_content":false,"footnotes":""},"categories":[50,101,2],"tags":[],"class_list":["post-5550","post","type-post","status-publish","format-standard","has-post-thumbnail","hentry","category-destacadas","category-interes-general-locales","category-locales"],"aioseo_notices":[],"gutentor_comment":0,"jetpack_featured_media_url":"https:\/\/eldiariodesanpedro.com.ar\/sitio\/wp-content\/uploads\/2016\/06\/PAGINA-6-10.jpg","jetpack_shortlink":"https:\/\/wp.me\/p6RhLt-1rw","jetpack_sharing_enabled":true,"_links":{"self":[{"href":"https:\/\/eldiariodesanpedro.com.ar\/sitio\/wp-json\/wp\/v2\/posts\/5550","targetHints":{"allow":["GET"]}}],"collection":[{"href":"https:\/\/eldiariodesanpedro.com.ar\/sitio\/wp-json\/wp\/v2\/posts"}],"about":[{"href":"https:\/\/eldiariodesanpedro.com.ar\/sitio\/wp-json\/wp\/v2\/types\/post"}],"author":[{"embeddable":true,"href":"https:\/\/eldiariodesanpedro.com.ar\/sitio\/wp-json\/wp\/v2\/users\/4"}],"replies":[{"embeddable":true,"href":"https:\/\/eldiariodesanpedro.com.ar\/sitio\/wp-json\/wp\/v2\/comments?post=5550"}],"version-history":[{"count":1,"href":"https:\/\/eldiariodesanpedro.com.ar\/sitio\/wp-json\/wp\/v2\/posts\/5550\/revisions"}],"predecessor-version":[{"id":5552,"href":"https:\/\/eldiariodesanpedro.com.ar\/sitio\/wp-json\/wp\/v2\/posts\/5550\/revisions\/5552"}],"wp:featuredmedia":[{"embeddable":true,"href":"https:\/\/eldiariodesanpedro.com.ar\/sitio\/wp-json\/wp\/v2\/media\/5551"}],"wp:attachment":[{"href":"https:\/\/eldiariodesanpedro.com.ar\/sitio\/wp-json\/wp\/v2\/media?parent=5550"}],"wp:term":[{"taxonomy":"category","embeddable":true,"href":"https:\/\/eldiariodesanpedro.com.ar\/sitio\/wp-json\/wp\/v2\/categories?post=5550"},{"taxonomy":"post_tag","embeddable":true,"href":"https:\/\/eldiariodesanpedro.com.ar\/sitio\/wp-json\/wp\/v2\/tags?post=5550"}],"curies":[{"name":"wp","href":"https:\/\/api.w.org\/{rel}","templated":true}]}}