{"id":55484,"date":"2019-07-02T09:53:04","date_gmt":"2019-07-02T12:53:04","guid":{"rendered":"https:\/\/eldiariodesanpedro.com.ar\/sitio\/?p=55484"},"modified":"2019-07-02T09:53:39","modified_gmt":"2019-07-02T12:53:39","slug":"zarate-un-zarateno-quedo-imputado-por-la-muerte-de-un-camionero-tras-un-choque-en-la-panamericana","status":"publish","type":"post","link":"https:\/\/eldiariodesanpedro.com.ar\/sitio\/zarate-un-zarateno-quedo-imputado-por-la-muerte-de-un-camionero-tras-un-choque-en-la-panamericana\/","title":{"rendered":"Z\u00c1RATE: Un zarate\u00f1o qued\u00f3 imputado por la muerte de un camionero tras un choque en la Panamericana"},"content":{"rendered":"<!-- VideographyWP Plugin Message: Automatic video embedding prevented by plugin options. -->\n\n<p><strong>La tragedia se produjo en el Km 51 del ramal Campana a ra\u00edz de un choque previo con un auto. El chofer del cami\u00f3n perdi\u00f3 la vida y el conductor del veh\u00edculo particular fue apresado: present\u00f3 m\u00e1s del doble de alcohol en sangre de lo permitido y qued\u00f3 acusado de \u201chomicidio culposo\u201d.<\/strong><\/p>\n\n\n\n<p>La autopista Panamericana se convirti\u00f3 en escenario de un tr\u00e1gico accidente en la madrugada del lunes.&nbsp;<strong>Un camionero muri\u00f3 despu\u00e9s de que su veh\u00edculo volcara cerca de la zona de Escobar, en un suceso en el que adem\u00e1s qued\u00f3 detenido el conductor de un autom\u00f3vil.<\/strong><\/p>\n\n\n\n<p>El accidente se produjo poco despu\u00e9s de las cuatro de la ma\u00f1ana en el km 51 del sentido Norte en el ramal Campana de la Ruta 9.&nbsp;<strong>Un cami\u00f3n marca Volkswagen que distribu\u00eda alimentos para una compa\u00f1\u00eda multinacional de supermercados qued\u00f3 destrozado despu\u00e9s de dar un vuelco de campana<\/strong>&nbsp;y terminar con las ruedas hacia arriba a un costado del asfalto.<\/p>\n\n\n\n<p>De acuerdo a las primeras informaciones, el conductor del rodado perdi\u00f3 la vida en el instante.&nbsp;<strong>Todav\u00eda se desconoce si su cuerpo pudo ser extra\u00eddo del lugar o si permanece atrapado dentro de los restos de la cabina.<\/strong><\/p>\n\n\n\n<p>Seg\u00fan los primeros peritajes, el accidente fue provocado por otro veh\u00edculo unos metros antes del lugar de la tragedia.&nbsp;<strong>El conductor de un Ford Escort gris habr\u00eda impactado contra uno de los neum\u00e1ticos del cami\u00f3n, que circulaba por el carril central.<\/strong><\/p>\n\n\n\n<p>Ese choque produjo el pinchazo del neum\u00e1tico y la p\u00e9rdida de control total del inmenso veh\u00edculo, que se trasladaba encima con un acoplado.&nbsp;<strong>El chofer no pudo evitar el vuelco y perdi\u00f3 la vida<\/strong>&nbsp;al irse con el cami\u00f3n hacia la banquina. Su nombre era&nbsp;<strong>Cristian Dami\u00e1n \u00c1vila y ten\u00eda 38 a\u00f1os.<\/strong><\/p>\n\n\n\n<p>Los agentes policiales que llegaron a la escena cerca de las 4.40 de la madrugada notaron que a unos 1.000 metros del lugar donde estaba el cami\u00f3n destrozado se encontraba estacionado y desocupado el Ford Escort.<\/p>\n\n\n\n<p>Despu\u00e9s de una recorrida por la zona, los efectivos lograron detener al conductor del Ford en una estaci\u00f3n de servicio ubicada al Km 54 de la Ruta 9. Su intenci\u00f3n habr\u00eda sido la de fugarse de la escena del accidente a bordo de un colectivo.<\/p>\n\n\n\n<p>El conductor del auto, llamado<strong>&nbsp;Juan Esteban Aranda<\/strong>, de 42 a\u00f1os y residente en la ciudad de Z\u00e1rate, qued\u00f3 detenido y a disposici\u00f3n de la Justicia. Despu\u00e9s de ser apresado, se le realiz\u00f3 el correspondiente control de&nbsp;<strong>alcoholemia<\/strong>:&nbsp;<strong>registr\u00f3 1,16 grs de alcohol en sangre, m\u00e1s del doble de lo permitido para circular a bordo de un veh\u00edculo.<\/strong><\/p>\n\n\n\n<p><strong>La causa fue caratulada como \u201chomicidio culposo\u201d<\/strong>&nbsp;y qued\u00f3&nbsp; en manos de la UFI N\u00ba 5 descentralizada de Escobar bajo las \u00f3rdenes del Dr. Cristian Carrasco.<\/p>\n\n\n\n<p>Por su parte, el accidente no provoc\u00f3 la interrupci\u00f3n de la circulaci\u00f3n en ninguna de las v\u00edas del ramal hacia el Norte.<\/p>\n\n\n\n<p>Fuente: Impacto Local <\/p>\n\n\n\n<figure class=\"wp-block-image\"><img decoding=\"async\" width=\"1009\" height=\"562\" data-attachment-id=\"55487\" data-permalink=\"https:\/\/eldiariodesanpedro.com.ar\/sitio\/zarate-un-zarateno-quedo-imputado-por-la-muerte-de-un-camionero-tras-un-choque-en-la-panamericana\/accidente-y-muerte-de-camionero-4\/\" data-orig-file=\"https:\/\/eldiariodesanpedro.com.ar\/sitio\/wp-content\/uploads\/2019\/07\/accidente-y-muerte-de-camionero-4.jpg\" data-orig-size=\"1009,562\" data-comments-opened=\"1\" data-image-meta=\"{&quot;aperture&quot;:&quot;0&quot;,&quot;credit&quot;:&quot;&quot;,&quot;camera&quot;:&quot;&quot;,&quot;caption&quot;:&quot;&quot;,&quot;created_timestamp&quot;:&quot;1561989881&quot;,&quot;copyright&quot;:&quot;&quot;,&quot;focal_length&quot;:&quot;0&quot;,&quot;iso&quot;:&quot;0&quot;,&quot;shutter_speed&quot;:&quot;0&quot;,&quot;title&quot;:&quot;&quot;,&quot;orientation&quot;:&quot;1&quot;}\" data-image-title=\"accidente-y-muerte-de-camionero-4\" data-image-description=\"\" data-image-caption=\"\" data-large-file=\"https:\/\/eldiariodesanpedro.com.ar\/sitio\/wp-content\/uploads\/2019\/07\/accidente-y-muerte-de-camionero-4.jpg\" data-src=\"https:\/\/eldiariodesanpedro.com.ar\/sitio\/wp-content\/uploads\/2019\/07\/accidente-y-muerte-de-camionero-4.jpg\" alt=\"\" class=\"wp-image-55487 lazyload\" data-srcset=\"https:\/\/eldiariodesanpedro.com.ar\/sitio\/wp-content\/uploads\/2019\/07\/accidente-y-muerte-de-camionero-4.jpg 1009w, https:\/\/eldiariodesanpedro.com.ar\/sitio\/wp-content\/uploads\/2019\/07\/accidente-y-muerte-de-camionero-4-300x167.jpg 300w, https:\/\/eldiariodesanpedro.com.ar\/sitio\/wp-content\/uploads\/2019\/07\/accidente-y-muerte-de-camionero-4-768x428.jpg 768w, https:\/\/eldiariodesanpedro.com.ar\/sitio\/wp-content\/uploads\/2019\/07\/accidente-y-muerte-de-camionero-4-800x445.jpg 800w\" data-sizes=\"(max-width: 1009px) 100vw, 1009px\" src=\"data:image\/svg+xml;base64,PHN2ZyB3aWR0aD0iMSIgaGVpZ2h0PSIxIiB4bWxucz0iaHR0cDovL3d3dy53My5vcmcvMjAwMC9zdmciPjwvc3ZnPg==\" style=\"--smush-placeholder-width: 1009px; --smush-placeholder-aspect-ratio: 1009\/562;\" \/><\/figure>\n","protected":false},"excerpt":{"rendered":"<p>La tragedia se produjo en el Km 51 del ramal Campana a ra\u00edz de un choque previo con un auto. El chofer del cami\u00f3n perdi\u00f3 la vida y el conductor del veh\u00edculo particular fue apresado: present\u00f3 m\u00e1s del doble de alcohol en sangre de lo permitido y qued\u00f3 acusado de \u201chomicidio culposo\u201d. La autopista Panamericana [&hellip;]<\/p>\n","protected":false},"author":4,"featured_media":55485,"comment_status":"open","ping_status":"closed","sticky":false,"template":"","format":"standard","meta":{"om_disable_all_campaigns":false,"_jetpack_memberships_contains_paid_content":false,"footnotes":""},"categories":[621],"tags":[],"class_list":["post-55484","post","type-post","status-publish","format-standard","has-post-thumbnail","hentry","category-regionales"],"aioseo_notices":[],"gutentor_comment":0,"jetpack_featured_media_url":"https:\/\/eldiariodesanpedro.com.ar\/sitio\/wp-content\/uploads\/2019\/07\/accidente-y-muerte-de-camionero-1.jpg","jetpack_shortlink":"https:\/\/wp.me\/p6RhLt-eqU","jetpack_sharing_enabled":true,"_links":{"self":[{"href":"https:\/\/eldiariodesanpedro.com.ar\/sitio\/wp-json\/wp\/v2\/posts\/55484","targetHints":{"allow":["GET"]}}],"collection":[{"href":"https:\/\/eldiariodesanpedro.com.ar\/sitio\/wp-json\/wp\/v2\/posts"}],"about":[{"href":"https:\/\/eldiariodesanpedro.com.ar\/sitio\/wp-json\/wp\/v2\/types\/post"}],"author":[{"embeddable":true,"href":"https:\/\/eldiariodesanpedro.com.ar\/sitio\/wp-json\/wp\/v2\/users\/4"}],"replies":[{"embeddable":true,"href":"https:\/\/eldiariodesanpedro.com.ar\/sitio\/wp-json\/wp\/v2\/comments?post=55484"}],"version-history":[{"count":2,"href":"https:\/\/eldiariodesanpedro.com.ar\/sitio\/wp-json\/wp\/v2\/posts\/55484\/revisions"}],"predecessor-version":[{"id":55488,"href":"https:\/\/eldiariodesanpedro.com.ar\/sitio\/wp-json\/wp\/v2\/posts\/55484\/revisions\/55488"}],"wp:featuredmedia":[{"embeddable":true,"href":"https:\/\/eldiariodesanpedro.com.ar\/sitio\/wp-json\/wp\/v2\/media\/55485"}],"wp:attachment":[{"href":"https:\/\/eldiariodesanpedro.com.ar\/sitio\/wp-json\/wp\/v2\/media?parent=55484"}],"wp:term":[{"taxonomy":"category","embeddable":true,"href":"https:\/\/eldiariodesanpedro.com.ar\/sitio\/wp-json\/wp\/v2\/categories?post=55484"},{"taxonomy":"post_tag","embeddable":true,"href":"https:\/\/eldiariodesanpedro.com.ar\/sitio\/wp-json\/wp\/v2\/tags?post=55484"}],"curies":[{"name":"wp","href":"https:\/\/api.w.org\/{rel}","templated":true}]}}