{"id":55481,"date":"2019-07-02T09:50:26","date_gmt":"2019-07-02T12:50:26","guid":{"rendered":"https:\/\/eldiariodesanpedro.com.ar\/sitio\/?p=55481"},"modified":"2019-07-02T09:50:31","modified_gmt":"2019-07-02T12:50:31","slug":"provincia-segun-la-defensoria-casi-la-mitad-de-los-comercios-no-cumple-con-precios-esenciales","status":"publish","type":"post","link":"https:\/\/eldiariodesanpedro.com.ar\/sitio\/provincia-segun-la-defensoria-casi-la-mitad-de-los-comercios-no-cumple-con-precios-esenciales\/","title":{"rendered":"PROVINCIA: Seg\u00fan la Defensor\u00eda, casi la mitad de los comercios no cumple con Precios Esenciales"},"content":{"rendered":"<!-- VideographyWP Plugin Message: Automatic video embedding prevented by plugin options. -->\n\n<p>La Defensor\u00eda present\u00f3 un informe que revel\u00f3 que el programa Precios Esenciales, a dos meses de su implementaci\u00f3n, funciona con dificultades en la Provincia, ya que no se cumple en casi la mitad de los comercios relevados.<\/p>\n\n\n\n<p>\u201cSi se tienen en cuenta las variables de precio, stock y reposici\u00f3n, visibilidad e Identificaci\u00f3n,observamos que el programa se cumple en apenas en el 57% de los locales analizados, mucho menos que el 80% que inform\u00f3 la Secretar\u00eda de Comercio Interior de la Naci\u00f3n\u00bb, sostuvo el Defensor del Pueblo, Guido Lorenzino.<\/p>\n\n\n\n<p>El relevamiento se llev\u00f3 adelante en hiper y supermercados en las ciudades donde el organismo tiene delegaciones, donde se verific\u00f3 la presencia de los 64 productos de la canasta b\u00e1sica que mantendr\u00e1n su precio congelado durante seis meses.Los principales problemas detectados tienen que ver con la inadecuada reposici\u00f3n de productos y la falta de stock. Tambi\u00e9n se registr\u00f3 que en el 39,6% de los comercios relevados hay dificultades en la se\u00f1alizaci\u00f3n de los productos, es decir la identificaci\u00f3n y visibilidad de la mercader\u00eda.<\/p>\n\n\n\n<p>\u00abHay una falta de control por parte del gobierno nacional para que los empresarios cumplan con este acuerdo. En un escenario de crisis, donde se busca incentivar el consumo de los sectores m\u00e1s vulnerables, estamos ante una medida electoralista que le da la espalda a la realidad\u00bb, expres\u00f3 Lorenzino.<\/p>\n\n\n\n<p>Desde la entrada en vigencia del programa, la Defensor\u00eda realiz\u00f3, a trav\u00e9s de su \u00c1rea de Consumidores y de las delegaciones, m\u00e1s de 250 relevamientos en Almirante Brown, Balcarce, Bah\u00eda Blanca, Berazategui, Bol\u00edvar, Chacabuco, Coronel Su\u00e1rez, Ituzaing\u00f3, La Plata, Lincoln, Lomas de Zamora, Mar Chiquita, Mar del Plata, Mercedes, Miramar, Olavarr\u00eda, Pergamino, Pig\u00fbe, Roque P\u00e9rez, Saladillo, San Nicol\u00e1s, San Pedro, Tandil y Tigre.<\/p>\n\n\n\n<p><strong>Fuente:&nbsp;<\/strong>Noticias Z\u00e1rate Alerta&nbsp;<\/p>\n","protected":false},"excerpt":{"rendered":"<p>La Defensor\u00eda present\u00f3 un informe que revel\u00f3 que el programa Precios Esenciales, a dos meses de su implementaci\u00f3n, funciona con dificultades en la Provincia, ya que no se cumple en casi la mitad de los comercios relevados. \u201cSi se tienen en cuenta las variables de precio, stock y reposici\u00f3n, visibilidad e Identificaci\u00f3n,observamos que el programa [&hellip;]<\/p>\n","protected":false},"author":4,"featured_media":55482,"comment_status":"open","ping_status":"closed","sticky":false,"template":"","format":"standard","meta":{"om_disable_all_campaigns":false,"_jetpack_memberships_contains_paid_content":false,"footnotes":""},"categories":[621],"tags":[],"class_list":["post-55481","post","type-post","status-publish","format-standard","has-post-thumbnail","hentry","category-regionales"],"aioseo_notices":[],"gutentor_comment":0,"jetpack_featured_media_url":"https:\/\/eldiariodesanpedro.com.ar\/sitio\/wp-content\/uploads\/2019\/07\/00042188.jpg","jetpack_shortlink":"https:\/\/wp.me\/p6RhLt-eqR","jetpack_sharing_enabled":true,"_links":{"self":[{"href":"https:\/\/eldiariodesanpedro.com.ar\/sitio\/wp-json\/wp\/v2\/posts\/55481","targetHints":{"allow":["GET"]}}],"collection":[{"href":"https:\/\/eldiariodesanpedro.com.ar\/sitio\/wp-json\/wp\/v2\/posts"}],"about":[{"href":"https:\/\/eldiariodesanpedro.com.ar\/sitio\/wp-json\/wp\/v2\/types\/post"}],"author":[{"embeddable":true,"href":"https:\/\/eldiariodesanpedro.com.ar\/sitio\/wp-json\/wp\/v2\/users\/4"}],"replies":[{"embeddable":true,"href":"https:\/\/eldiariodesanpedro.com.ar\/sitio\/wp-json\/wp\/v2\/comments?post=55481"}],"version-history":[{"count":1,"href":"https:\/\/eldiariodesanpedro.com.ar\/sitio\/wp-json\/wp\/v2\/posts\/55481\/revisions"}],"predecessor-version":[{"id":55483,"href":"https:\/\/eldiariodesanpedro.com.ar\/sitio\/wp-json\/wp\/v2\/posts\/55481\/revisions\/55483"}],"wp:featuredmedia":[{"embeddable":true,"href":"https:\/\/eldiariodesanpedro.com.ar\/sitio\/wp-json\/wp\/v2\/media\/55482"}],"wp:attachment":[{"href":"https:\/\/eldiariodesanpedro.com.ar\/sitio\/wp-json\/wp\/v2\/media?parent=55481"}],"wp:term":[{"taxonomy":"category","embeddable":true,"href":"https:\/\/eldiariodesanpedro.com.ar\/sitio\/wp-json\/wp\/v2\/categories?post=55481"},{"taxonomy":"post_tag","embeddable":true,"href":"https:\/\/eldiariodesanpedro.com.ar\/sitio\/wp-json\/wp\/v2\/tags?post=55481"}],"curies":[{"name":"wp","href":"https:\/\/api.w.org\/{rel}","templated":true}]}}