{"id":5548,"date":"2016-06-17T19:07:50","date_gmt":"2016-06-17T22:07:50","guid":{"rendered":"https:\/\/eldiariodesanpedro.com.ar\/sitio\/?p=5548"},"modified":"2016-06-17T19:07:50","modified_gmt":"2016-06-17T22:07:50","slug":"aprehendieron-a-dos-motociclistas-que-transportaban-un-arma-tumbera","status":"publish","type":"post","link":"https:\/\/eldiariodesanpedro.com.ar\/sitio\/aprehendieron-a-dos-motociclistas-que-transportaban-un-arma-tumbera\/","title":{"rendered":"Aprehendieron a dos motociclistas que transportaban un arma \u00abtumbera\u00bb"},"content":{"rendered":"<p><!-- VideographyWP Plugin Message: Automatic video embedding prevented by plugin options. --><br \/>\nEn una recorrida del personal policial por la zona suburbana de San Pedro, m\u00e1s precisamente en el camino vecinal denominado camino a Basural, interceptaron una motocicleta del tipo 110 C. C., marca Gilera modelo Smash, en la que se dirig\u00edan dos personas.<br \/>\nUno era un joven menor de edad y el otro un mayor, a los que se les secuestr\u00f3 un arma de fabricaci\u00f3n casera, com\u00fanmente denominada \u201ctumbera\u201d, que conten\u00eda un cartucho intacto calibre 12 y tambi\u00e9n hallaron en el bolsillo del pantal\u00f3n del segundo sujeto dos cartuchos m\u00e1s del mismo calibre.<br \/>\nTras la consulta al instructor en turno de la Fiscal\u00eda del Joven, se dispuso que el joven sea notificado de la formaci\u00f3n de la causa y sea entregado a sus progenitores, mientras que el mayor permanece alojado para ser trasladado a sede judicial.<br \/>\nEl hecho fue caratulado como \u201cPortaci\u00f3n ilegal de Arma de Guerra\u201d.<\/p>\n","protected":false},"excerpt":{"rendered":"<p>En una recorrida del personal policial por la zona suburbana de San Pedro, m\u00e1s precisamente en el camino vecinal denominado camino a Basural, interceptaron una motocicleta del tipo 110 C. C., marca Gilera modelo Smash, en la que se dirig\u00edan dos personas. Uno era un joven menor de edad y el otro un mayor, a [&hellip;]<\/p>\n","protected":false},"author":4,"featured_media":5165,"comment_status":"open","ping_status":"closed","sticky":false,"template":"","format":"standard","meta":{"om_disable_all_campaigns":false,"_jetpack_memberships_contains_paid_content":false,"footnotes":""},"categories":[50,2,103],"tags":[],"class_list":["post-5548","post","type-post","status-publish","format-standard","has-post-thumbnail","hentry","category-destacadas","category-locales","category-policiales-locales"],"aioseo_notices":[],"gutentor_comment":0,"jetpack_featured_media_url":"https:\/\/eldiariodesanpedro.com.ar\/sitio\/wp-content\/uploads\/2016\/06\/policia-rural.jpg","jetpack_shortlink":"https:\/\/wp.me\/p6RhLt-1ru","jetpack_sharing_enabled":true,"_links":{"self":[{"href":"https:\/\/eldiariodesanpedro.com.ar\/sitio\/wp-json\/wp\/v2\/posts\/5548","targetHints":{"allow":["GET"]}}],"collection":[{"href":"https:\/\/eldiariodesanpedro.com.ar\/sitio\/wp-json\/wp\/v2\/posts"}],"about":[{"href":"https:\/\/eldiariodesanpedro.com.ar\/sitio\/wp-json\/wp\/v2\/types\/post"}],"author":[{"embeddable":true,"href":"https:\/\/eldiariodesanpedro.com.ar\/sitio\/wp-json\/wp\/v2\/users\/4"}],"replies":[{"embeddable":true,"href":"https:\/\/eldiariodesanpedro.com.ar\/sitio\/wp-json\/wp\/v2\/comments?post=5548"}],"version-history":[{"count":1,"href":"https:\/\/eldiariodesanpedro.com.ar\/sitio\/wp-json\/wp\/v2\/posts\/5548\/revisions"}],"predecessor-version":[{"id":5549,"href":"https:\/\/eldiariodesanpedro.com.ar\/sitio\/wp-json\/wp\/v2\/posts\/5548\/revisions\/5549"}],"wp:featuredmedia":[{"embeddable":true,"href":"https:\/\/eldiariodesanpedro.com.ar\/sitio\/wp-json\/wp\/v2\/media\/5165"}],"wp:attachment":[{"href":"https:\/\/eldiariodesanpedro.com.ar\/sitio\/wp-json\/wp\/v2\/media?parent=5548"}],"wp:term":[{"taxonomy":"category","embeddable":true,"href":"https:\/\/eldiariodesanpedro.com.ar\/sitio\/wp-json\/wp\/v2\/categories?post=5548"},{"taxonomy":"post_tag","embeddable":true,"href":"https:\/\/eldiariodesanpedro.com.ar\/sitio\/wp-json\/wp\/v2\/tags?post=5548"}],"curies":[{"name":"wp","href":"https:\/\/api.w.org\/{rel}","templated":true}]}}