{"id":55478,"date":"2019-07-02T09:47:43","date_gmt":"2019-07-02T12:47:43","guid":{"rendered":"https:\/\/eldiariodesanpedro.com.ar\/sitio\/?p=55478"},"modified":"2019-07-02T09:47:48","modified_gmt":"2019-07-02T12:47:48","slug":"san-nicolas-secuestro-de-un-arma-y-televisores-robados-en-allanamientos","status":"publish","type":"post","link":"https:\/\/eldiariodesanpedro.com.ar\/sitio\/san-nicolas-secuestro-de-un-arma-y-televisores-robados-en-allanamientos\/","title":{"rendered":"SAN NICOL\u00c1S: Secuestro de un arma y televisores robados en allanamientos"},"content":{"rendered":"<!-- VideographyWP Plugin Message: Automatic video embedding prevented by plugin options. -->\n\n<p>Personal policial de la Comisar\u00eda Segunda junto con grupos operativos de otras dependencias, llevaron adelante dos allanamientos en el marco de una serie de investigaciones por diversos il\u00edcitos ocurridos en nuestra ciudad.<\/p>\n\n\n\n<p>Una de las diligencias se concret\u00f3 en una finca ubicada en calle Cepeda entre el 900 y el 950, donde fue aprehendido un sujeto de 30 a\u00f1os. Adem\u00e1s se procedi\u00f3 al secuestro de un arma de fuego del tipo revolver calibre 32, un smart tv de 43&#8243; de marca Philips y un smart tv de 42&#8243; marca Samsung.&nbsp;<\/p>\n\n\n\n<p>En el segundo objetivo, en calle Tucum\u00e1n al 1550 y el 1600, fue aprehendido un joven de 22 a\u00f1os sobre el cual pesa una captura activa desde junio del a\u00f1o pasado por el delito de Robo a requerimiento del departamento judicial de la ciudad de La Plata.&nbsp;<\/p>\n\n\n\n<p>Tras los allanamientos se contin\u00faa con la investigaci\u00f3n a los fines de localizar a los due\u00f1os de los televisores ya que los sujetos aprehendidos no pudieron acreditar la propiedad de los mismos.\n\n<\/p>\n","protected":false},"excerpt":{"rendered":"<p>Personal policial de la Comisar\u00eda Segunda junto con grupos operativos de otras dependencias, llevaron adelante dos allanamientos en el marco de una serie de investigaciones por diversos il\u00edcitos ocurridos en nuestra ciudad. Una de las diligencias se concret\u00f3 en una finca ubicada en calle Cepeda entre el 900 y el 950, donde fue aprehendido un [&hellip;]<\/p>\n","protected":false},"author":4,"featured_media":55479,"comment_status":"open","ping_status":"closed","sticky":false,"template":"","format":"standard","meta":{"om_disable_all_campaigns":false,"_jetpack_memberships_contains_paid_content":false,"footnotes":""},"categories":[621],"tags":[],"class_list":["post-55478","post","type-post","status-publish","format-standard","has-post-thumbnail","hentry","category-regionales"],"aioseo_notices":[],"gutentor_comment":0,"jetpack_featured_media_url":"https:\/\/eldiariodesanpedro.com.ar\/sitio\/wp-content\/uploads\/2019\/07\/no_r20bclyut4atpu7WhatsApp_Image_2019_07_02_at_06.jpg","jetpack_shortlink":"https:\/\/wp.me\/p6RhLt-eqO","jetpack_sharing_enabled":true,"_links":{"self":[{"href":"https:\/\/eldiariodesanpedro.com.ar\/sitio\/wp-json\/wp\/v2\/posts\/55478","targetHints":{"allow":["GET"]}}],"collection":[{"href":"https:\/\/eldiariodesanpedro.com.ar\/sitio\/wp-json\/wp\/v2\/posts"}],"about":[{"href":"https:\/\/eldiariodesanpedro.com.ar\/sitio\/wp-json\/wp\/v2\/types\/post"}],"author":[{"embeddable":true,"href":"https:\/\/eldiariodesanpedro.com.ar\/sitio\/wp-json\/wp\/v2\/users\/4"}],"replies":[{"embeddable":true,"href":"https:\/\/eldiariodesanpedro.com.ar\/sitio\/wp-json\/wp\/v2\/comments?post=55478"}],"version-history":[{"count":1,"href":"https:\/\/eldiariodesanpedro.com.ar\/sitio\/wp-json\/wp\/v2\/posts\/55478\/revisions"}],"predecessor-version":[{"id":55480,"href":"https:\/\/eldiariodesanpedro.com.ar\/sitio\/wp-json\/wp\/v2\/posts\/55478\/revisions\/55480"}],"wp:featuredmedia":[{"embeddable":true,"href":"https:\/\/eldiariodesanpedro.com.ar\/sitio\/wp-json\/wp\/v2\/media\/55479"}],"wp:attachment":[{"href":"https:\/\/eldiariodesanpedro.com.ar\/sitio\/wp-json\/wp\/v2\/media?parent=55478"}],"wp:term":[{"taxonomy":"category","embeddable":true,"href":"https:\/\/eldiariodesanpedro.com.ar\/sitio\/wp-json\/wp\/v2\/categories?post=55478"},{"taxonomy":"post_tag","embeddable":true,"href":"https:\/\/eldiariodesanpedro.com.ar\/sitio\/wp-json\/wp\/v2\/tags?post=55478"}],"curies":[{"name":"wp","href":"https:\/\/api.w.org\/{rel}","templated":true}]}}