{"id":55477,"date":"2019-07-02T09:58:48","date_gmt":"2019-07-02T12:58:48","guid":{"rendered":"https:\/\/eldiariodesanpedro.com.ar\/sitio\/?p=55477"},"modified":"2019-07-02T10:58:41","modified_gmt":"2019-07-02T13:58:41","slug":"violencia-familiar-un-aprehendido","status":"publish","type":"post","link":"https:\/\/eldiariodesanpedro.com.ar\/sitio\/violencia-familiar-un-aprehendido\/","title":{"rendered":"Un aprehendido por violencia familiar"},"content":{"rendered":"<!-- VideographyWP Plugin Message: Automatic video embedding prevented by plugin options. -->\n\n<p>Sucedi\u00f3 en la tarde de este lunes cuando el personal policial es alertado por un hecho de violencia que se estaba produciendo en una vivienda familiar. El aprehendido resulta ser el hermano de la femenina quien fue agredida verbalmente por su ex pareja. <\/p>\n\n\n\n<p>El hecho se produjo en un domicilio de calle Laguna al 1900; all\u00ed un joven de 26 a\u00f1os de edad se presenta en la vivienda de su ex pareja femenina de 20 a\u00f1os.<\/p>\n\n\n\n<p>Tras discusi\u00f3n el joven se torna agresivo comenzando a proferir insultos, amenazas verbales de muerte y a provocar da\u00f1os en la vivienda.<\/p>\n\n\n\n<p>En el hecho intercede el hermano de la mujer agredida de 27 a\u00f1os, quien es golpeado por el agresor en el rostro con una cadena, siendo trasladado por la ambulancia del SAME al nosocomio local.<\/p>\n\n\n\n<p>Al momento de la llegada del m\u00f3vil policial, el agresor es reducido y aprehendido, siendo trasladado a la comisar\u00eda local.<\/p>\n\n\n\n<p>La L\u00ednea 144 brinda atenci\u00f3n telef\u00f3nica especializada a mujeres v\u00edctimas de violencia de g\u00e9nero durante las 24 horas. Es&nbsp;<strong>an\u00f3nima, gratuita y nacional.<\/strong><\/p>\n","protected":false},"excerpt":{"rendered":"<p>Sucedi\u00f3 en la tarde de este lunes cuando el personal policial es alertado por un hecho de violencia que se estaba produciendo en una vivienda familiar. El aprehendido resulta ser el hermano de la femenina quien fue agredida verbalmente por su ex pareja. El hecho se produjo en un domicilio de calle Laguna al 1900; [&hellip;]<\/p>\n","protected":false},"author":4,"featured_media":28608,"comment_status":"open","ping_status":"closed","sticky":false,"template":"","format":"standard","meta":{"om_disable_all_campaigns":false,"_jetpack_memberships_contains_paid_content":false,"footnotes":""},"categories":[2,103],"tags":[],"class_list":["post-55477","post","type-post","status-publish","format-standard","has-post-thumbnail","hentry","category-locales","category-policiales-locales"],"aioseo_notices":[],"gutentor_comment":0,"jetpack_featured_media_url":"https:\/\/eldiariodesanpedro.com.ar\/sitio\/wp-content\/uploads\/2018\/01\/0-violencia-familiar-en-salta.jpg","jetpack_shortlink":"https:\/\/wp.me\/p6RhLt-eqN","jetpack_sharing_enabled":true,"_links":{"self":[{"href":"https:\/\/eldiariodesanpedro.com.ar\/sitio\/wp-json\/wp\/v2\/posts\/55477","targetHints":{"allow":["GET"]}}],"collection":[{"href":"https:\/\/eldiariodesanpedro.com.ar\/sitio\/wp-json\/wp\/v2\/posts"}],"about":[{"href":"https:\/\/eldiariodesanpedro.com.ar\/sitio\/wp-json\/wp\/v2\/types\/post"}],"author":[{"embeddable":true,"href":"https:\/\/eldiariodesanpedro.com.ar\/sitio\/wp-json\/wp\/v2\/users\/4"}],"replies":[{"embeddable":true,"href":"https:\/\/eldiariodesanpedro.com.ar\/sitio\/wp-json\/wp\/v2\/comments?post=55477"}],"version-history":[{"count":7,"href":"https:\/\/eldiariodesanpedro.com.ar\/sitio\/wp-json\/wp\/v2\/posts\/55477\/revisions"}],"predecessor-version":[{"id":55504,"href":"https:\/\/eldiariodesanpedro.com.ar\/sitio\/wp-json\/wp\/v2\/posts\/55477\/revisions\/55504"}],"wp:featuredmedia":[{"embeddable":true,"href":"https:\/\/eldiariodesanpedro.com.ar\/sitio\/wp-json\/wp\/v2\/media\/28608"}],"wp:attachment":[{"href":"https:\/\/eldiariodesanpedro.com.ar\/sitio\/wp-json\/wp\/v2\/media?parent=55477"}],"wp:term":[{"taxonomy":"category","embeddable":true,"href":"https:\/\/eldiariodesanpedro.com.ar\/sitio\/wp-json\/wp\/v2\/categories?post=55477"},{"taxonomy":"post_tag","embeddable":true,"href":"https:\/\/eldiariodesanpedro.com.ar\/sitio\/wp-json\/wp\/v2\/tags?post=55477"}],"curies":[{"name":"wp","href":"https:\/\/api.w.org\/{rel}","templated":true}]}}