{"id":5546,"date":"2016-06-17T19:06:26","date_gmt":"2016-06-17T22:06:26","guid":{"rendered":"https:\/\/eldiariodesanpedro.com.ar\/sitio\/?p=5546"},"modified":"2016-06-17T19:06:26","modified_gmt":"2016-06-17T22:06:26","slug":"secuestran-marihuana-y-aprehenden-a-una-mujer","status":"publish","type":"post","link":"https:\/\/eldiariodesanpedro.com.ar\/sitio\/secuestran-marihuana-y-aprehenden-a-una-mujer\/","title":{"rendered":"Secuestran marihuana y aprehenden a una mujer"},"content":{"rendered":"<p><!-- VideographyWP Plugin Message: Automatic video embedding prevented by plugin options. --><br \/>\nPersonal de la Divisi\u00f3n de Narcotr\u00e1fico (DDA) realiz\u00f3 ayer por la noche diligencias de allanamiento en un domicilio, sito en calle Las Provincias N\u00ba 1965. All\u00ed se procedi\u00f3 al secuestro de una cantidad no precisada de marihuana.<br \/>\nEn tanto, se traslad\u00f3 a sede judicial una mujer de unos 30 a\u00f1os de edad.<\/p>\n","protected":false},"excerpt":{"rendered":"<p>Personal de la Divisi\u00f3n de Narcotr\u00e1fico (DDA) realiz\u00f3 ayer por la noche diligencias de allanamiento en un domicilio, sito en calle Las Provincias N\u00ba 1965. All\u00ed se procedi\u00f3 al secuestro de una cantidad no precisada de marihuana. En tanto, se traslad\u00f3 a sede judicial una mujer de unos 30 a\u00f1os de edad.<\/p>\n","protected":false},"author":4,"featured_media":5487,"comment_status":"open","ping_status":"closed","sticky":false,"template":"","format":"standard","meta":{"om_disable_all_campaigns":false,"_jetpack_memberships_contains_paid_content":false,"footnotes":""},"categories":[2,103],"tags":[],"class_list":["post-5546","post","type-post","status-publish","format-standard","has-post-thumbnail","hentry","category-locales","category-policiales-locales"],"aioseo_notices":[],"gutentor_comment":0,"jetpack_featured_media_url":"https:\/\/eldiariodesanpedro.com.ar\/sitio\/wp-content\/uploads\/2016\/06\/patrulla-policia.jpg","jetpack_shortlink":"https:\/\/wp.me\/p6RhLt-1rs","jetpack_sharing_enabled":true,"_links":{"self":[{"href":"https:\/\/eldiariodesanpedro.com.ar\/sitio\/wp-json\/wp\/v2\/posts\/5546","targetHints":{"allow":["GET"]}}],"collection":[{"href":"https:\/\/eldiariodesanpedro.com.ar\/sitio\/wp-json\/wp\/v2\/posts"}],"about":[{"href":"https:\/\/eldiariodesanpedro.com.ar\/sitio\/wp-json\/wp\/v2\/types\/post"}],"author":[{"embeddable":true,"href":"https:\/\/eldiariodesanpedro.com.ar\/sitio\/wp-json\/wp\/v2\/users\/4"}],"replies":[{"embeddable":true,"href":"https:\/\/eldiariodesanpedro.com.ar\/sitio\/wp-json\/wp\/v2\/comments?post=5546"}],"version-history":[{"count":1,"href":"https:\/\/eldiariodesanpedro.com.ar\/sitio\/wp-json\/wp\/v2\/posts\/5546\/revisions"}],"predecessor-version":[{"id":5547,"href":"https:\/\/eldiariodesanpedro.com.ar\/sitio\/wp-json\/wp\/v2\/posts\/5546\/revisions\/5547"}],"wp:featuredmedia":[{"embeddable":true,"href":"https:\/\/eldiariodesanpedro.com.ar\/sitio\/wp-json\/wp\/v2\/media\/5487"}],"wp:attachment":[{"href":"https:\/\/eldiariodesanpedro.com.ar\/sitio\/wp-json\/wp\/v2\/media?parent=5546"}],"wp:term":[{"taxonomy":"category","embeddable":true,"href":"https:\/\/eldiariodesanpedro.com.ar\/sitio\/wp-json\/wp\/v2\/categories?post=5546"},{"taxonomy":"post_tag","embeddable":true,"href":"https:\/\/eldiariodesanpedro.com.ar\/sitio\/wp-json\/wp\/v2\/tags?post=5546"}],"curies":[{"name":"wp","href":"https:\/\/api.w.org\/{rel}","templated":true}]}}