{"id":55445,"date":"2019-07-01T10:51:07","date_gmt":"2019-07-01T13:51:07","guid":{"rendered":"https:\/\/eldiariodesanpedro.com.ar\/sitio\/?p=55445"},"modified":"2019-07-01T10:51:12","modified_gmt":"2019-07-01T13:51:12","slug":"baradero-la-estacion-se-derrumba-poco-a-poco-y-cada-dia","status":"publish","type":"post","link":"https:\/\/eldiariodesanpedro.com.ar\/sitio\/baradero-la-estacion-se-derrumba-poco-a-poco-y-cada-dia\/","title":{"rendered":"BARADERO: La estaci\u00f3n se derrumba poco a poco y cada d\u00eda"},"content":{"rendered":"<!-- VideographyWP Plugin Message: Automatic video embedding prevented by plugin options. -->\n\n<p>Las manos an\u00f3nimas que dieran fuego al edificio de nuestra estaci\u00f3n ferroviaria, quiz\u00e1s jam\u00e1s imaginaron el enorme perjuicio que causar\u00edan a la comunidad. La actual crisis, que con su consecuente miseria como dice M. Fierro \u00aben su af\u00e1n de perseguir de mil modos\u00bb, acosa a la sociedad, ha provocado que viajar a Buenos Aires, donde se sabe que Dios atiende, resulte oneroso para gran parte de nuestra poblaci\u00f3n.<\/p>\n\n\n\n<p>El transporte automotor resulta caro para el bolsillo del trabajador y ni qu\u00e9 hablar de otros bolsillos mucho m\u00e1s menguados. El tren siempre fue un auxilio ya que con sus precios bajos, permiti\u00f3 la comunicaci\u00f3n a precio m\u00f3dico. Baradero, que de alguna manera podr\u00eda verse beneficiado con ello, ha quedado excluido en raz\u00f3n de que su estaci\u00f3n ferroviaria es una ruina tras el destrozo sufrido por el recordado incendio sin culpables.<\/p>\n\n\n\n<p>En el anterior gobierno parec\u00eda que las cosas estaban a punto de arreglarse cuando lleg\u00f3 un alto funcionario a Baradero, mostr\u00f3 el proyecto que se realizar\u00eda y permitir\u00eda que los baraderenses tuvi\u00e9semos otra vez una estaci\u00f3n de ferrocarril. El cambio de gobierno con sus planes de reducci\u00f3n presupuestaria en raz\u00f3n del interminable ajuste, ha hecho que todo quedara nada m\u00e1s que en lo mencionado: proyecto. Mientras tanto la ciudadan\u00eda se ve perjudicada y, para peor, no se sabe nada acerca del tema que parece haberse quedado entre las nieblas del tiempo.<\/p>\n\n\n\n<p>Fuente: El Diario de Baradero<\/p>\n","protected":false},"excerpt":{"rendered":"<p>Las manos an\u00f3nimas que dieran fuego al edificio de nuestra estaci\u00f3n ferroviaria, quiz\u00e1s jam\u00e1s imaginaron el enorme perjuicio que causar\u00edan a la comunidad. La actual crisis, que con su consecuente miseria como dice M. Fierro \u00aben su af\u00e1n de perseguir de mil modos\u00bb, acosa a la sociedad, ha provocado que viajar a Buenos Aires, donde [&hellip;]<\/p>\n","protected":false},"author":4,"featured_media":55446,"comment_status":"open","ping_status":"closed","sticky":false,"template":"","format":"standard","meta":{"om_disable_all_campaigns":false,"_jetpack_memberships_contains_paid_content":false,"footnotes":""},"categories":[621],"tags":[],"class_list":["post-55445","post","type-post","status-publish","format-standard","has-post-thumbnail","hentry","category-regionales"],"aioseo_notices":[],"gutentor_comment":0,"jetpack_featured_media_url":"https:\/\/eldiariodesanpedro.com.ar\/sitio\/wp-content\/uploads\/2019\/07\/b-trenes-28-I.jpg","jetpack_shortlink":"https:\/\/wp.me\/p6RhLt-eqh","jetpack_sharing_enabled":true,"_links":{"self":[{"href":"https:\/\/eldiariodesanpedro.com.ar\/sitio\/wp-json\/wp\/v2\/posts\/55445","targetHints":{"allow":["GET"]}}],"collection":[{"href":"https:\/\/eldiariodesanpedro.com.ar\/sitio\/wp-json\/wp\/v2\/posts"}],"about":[{"href":"https:\/\/eldiariodesanpedro.com.ar\/sitio\/wp-json\/wp\/v2\/types\/post"}],"author":[{"embeddable":true,"href":"https:\/\/eldiariodesanpedro.com.ar\/sitio\/wp-json\/wp\/v2\/users\/4"}],"replies":[{"embeddable":true,"href":"https:\/\/eldiariodesanpedro.com.ar\/sitio\/wp-json\/wp\/v2\/comments?post=55445"}],"version-history":[{"count":1,"href":"https:\/\/eldiariodesanpedro.com.ar\/sitio\/wp-json\/wp\/v2\/posts\/55445\/revisions"}],"predecessor-version":[{"id":55447,"href":"https:\/\/eldiariodesanpedro.com.ar\/sitio\/wp-json\/wp\/v2\/posts\/55445\/revisions\/55447"}],"wp:featuredmedia":[{"embeddable":true,"href":"https:\/\/eldiariodesanpedro.com.ar\/sitio\/wp-json\/wp\/v2\/media\/55446"}],"wp:attachment":[{"href":"https:\/\/eldiariodesanpedro.com.ar\/sitio\/wp-json\/wp\/v2\/media?parent=55445"}],"wp:term":[{"taxonomy":"category","embeddable":true,"href":"https:\/\/eldiariodesanpedro.com.ar\/sitio\/wp-json\/wp\/v2\/categories?post=55445"},{"taxonomy":"post_tag","embeddable":true,"href":"https:\/\/eldiariodesanpedro.com.ar\/sitio\/wp-json\/wp\/v2\/tags?post=55445"}],"curies":[{"name":"wp","href":"https:\/\/api.w.org\/{rel}","templated":true}]}}