{"id":55442,"date":"2019-07-01T10:49:05","date_gmt":"2019-07-01T13:49:05","guid":{"rendered":"https:\/\/eldiariodesanpedro.com.ar\/sitio\/?p=55442"},"modified":"2019-07-01T10:49:09","modified_gmt":"2019-07-01T13:49:09","slug":"zarate-trabajadores-de-unilever-continuan-con-el-paro-y-el-acampe","status":"publish","type":"post","link":"https:\/\/eldiariodesanpedro.com.ar\/sitio\/zarate-trabajadores-de-unilever-continuan-con-el-paro-y-el-acampe\/","title":{"rendered":"Z\u00c1RATE: Trabajadores de Unilever contin\u00faan con el paro y el acampe"},"content":{"rendered":"<!-- VideographyWP Plugin Message: Automatic video embedding prevented by plugin options. -->\n\n<p>Mientras tanto, el Sindicato de Qu\u00edmicos y Petroqu\u00edmicos de Z\u00e1rate, contin\u00faa con el paro de actividades y el bloqueo a la planta del Parque Industrial, que ya lleva nueve d\u00edas sin producir y sin cumplir con sus compromisos de entrega de mercader\u00edas con destino a la exportaci\u00f3n.<\/p>\n\n\n\n<p>A su vez, el parate de la producci\u00f3n de Unilever, afecta a cerca de 400 trabajadores, de las empresas subsidiarias y contratistas que hacen limpieza, servicio de gastronom\u00eda, reparaciones, entrega de insumos y servicios log\u00edsticos para la f\u00e1brica, m\u00e1s todos los millones de pesos de p\u00e9rdida que representan nueve d\u00edas sin producir.<\/p>\n\n\n\n<p>Del lado de los trabajadores, la preocupaci\u00f3n por m\u00e1s despidos sigue latente, y no se sabe con qu\u00e9 se van a encontrar cuando este conflicto laboral termine y regresen a sus puestos de trabajo.<\/p>\n\n\n\n<p>\u201cEsperemos que Unilever recapacite y reincorpore a los trabajadores despedidos y que el Gobierno Provincial declare la conciliaci\u00f3n obligatoria, de lo contrario seguiremos realizando el acampe en calle Espa\u00f1a y frente a la planta\u201d, indic\u00f3 Mario Aguirre delegado sindical de planta.<\/p>\n\n\n\n<p>Durante la jornada de protesta de ayer, estuvieron movimientos sociales de Paran\u00e1, representantes de otros gremios y el secretario general de la CGT Gualeguaych\u00fa Clauido De los Santos.<\/p>\n\n\n\n<p>No obstante, la lucha sindical, le est\u00e1 causando recortes en el salario de los trabajadores por la p\u00e9rdida del presentimos laboral, y por cada d\u00eda descontado por ausentismo, dado que el jueves pasado, tras no haberse dictado la conciliaci\u00f3n obligatoria por parte de la Secretar\u00eda de Trabajo de la Provincia, la empresa convoc\u00f3 a los trabajadores a que retornaran a sus puestos de trabajo.<\/p>\n\n\n\n<p>embargo aquellos que intentaron ingresar a sus puestos de trabajo, el jueves 25 de junio por la ma\u00f1ana, tres trabajadores, fueron agredidos f\u00edsicamente por integrantes del sindicato, de quienes Mart\u00edn Rodr\u00edguez, recibi\u00f3 un corte en el l\u00f3bulo derecho de la oreja.<\/p>\n\n\n\n<p><strong>Fuente:&nbsp;<\/strong>Noticias Z\u00e1rate Alerta&nbsp;<\/p>\n","protected":false},"excerpt":{"rendered":"<p>Mientras tanto, el Sindicato de Qu\u00edmicos y Petroqu\u00edmicos de Z\u00e1rate, contin\u00faa con el paro de actividades y el bloqueo a la planta del Parque Industrial, que ya lleva nueve d\u00edas sin producir y sin cumplir con sus compromisos de entrega de mercader\u00edas con destino a la exportaci\u00f3n. A su vez, el parate de la producci\u00f3n [&hellip;]<\/p>\n","protected":false},"author":4,"featured_media":55443,"comment_status":"open","ping_status":"closed","sticky":false,"template":"","format":"standard","meta":{"om_disable_all_campaigns":false,"_jetpack_memberships_contains_paid_content":false,"footnotes":""},"categories":[621],"tags":[],"class_list":["post-55442","post","type-post","status-publish","format-standard","has-post-thumbnail","hentry","category-regionales"],"aioseo_notices":[],"gutentor_comment":0,"jetpack_featured_media_url":"https:\/\/eldiariodesanpedro.com.ar\/sitio\/wp-content\/uploads\/2019\/07\/197367-920-UNILEVER-1024x768.jpg","jetpack_shortlink":"https:\/\/wp.me\/p6RhLt-eqe","jetpack_sharing_enabled":true,"_links":{"self":[{"href":"https:\/\/eldiariodesanpedro.com.ar\/sitio\/wp-json\/wp\/v2\/posts\/55442","targetHints":{"allow":["GET"]}}],"collection":[{"href":"https:\/\/eldiariodesanpedro.com.ar\/sitio\/wp-json\/wp\/v2\/posts"}],"about":[{"href":"https:\/\/eldiariodesanpedro.com.ar\/sitio\/wp-json\/wp\/v2\/types\/post"}],"author":[{"embeddable":true,"href":"https:\/\/eldiariodesanpedro.com.ar\/sitio\/wp-json\/wp\/v2\/users\/4"}],"replies":[{"embeddable":true,"href":"https:\/\/eldiariodesanpedro.com.ar\/sitio\/wp-json\/wp\/v2\/comments?post=55442"}],"version-history":[{"count":1,"href":"https:\/\/eldiariodesanpedro.com.ar\/sitio\/wp-json\/wp\/v2\/posts\/55442\/revisions"}],"predecessor-version":[{"id":55444,"href":"https:\/\/eldiariodesanpedro.com.ar\/sitio\/wp-json\/wp\/v2\/posts\/55442\/revisions\/55444"}],"wp:featuredmedia":[{"embeddable":true,"href":"https:\/\/eldiariodesanpedro.com.ar\/sitio\/wp-json\/wp\/v2\/media\/55443"}],"wp:attachment":[{"href":"https:\/\/eldiariodesanpedro.com.ar\/sitio\/wp-json\/wp\/v2\/media?parent=55442"}],"wp:term":[{"taxonomy":"category","embeddable":true,"href":"https:\/\/eldiariodesanpedro.com.ar\/sitio\/wp-json\/wp\/v2\/categories?post=55442"},{"taxonomy":"post_tag","embeddable":true,"href":"https:\/\/eldiariodesanpedro.com.ar\/sitio\/wp-json\/wp\/v2\/tags?post=55442"}],"curies":[{"name":"wp","href":"https:\/\/api.w.org\/{rel}","templated":true}]}}