{"id":55439,"date":"2019-07-01T10:47:04","date_gmt":"2019-07-01T13:47:04","guid":{"rendered":"https:\/\/eldiariodesanpedro.com.ar\/sitio\/?p=55439"},"modified":"2019-07-01T10:47:09","modified_gmt":"2019-07-01T13:47:09","slug":"zarate-llego-la-ola-polar-y-tres-escuelas-de-zarate-no-tienen-gas","status":"publish","type":"post","link":"https:\/\/eldiariodesanpedro.com.ar\/sitio\/zarate-llego-la-ola-polar-y-tres-escuelas-de-zarate-no-tienen-gas\/","title":{"rendered":"Z\u00c1RATE: Lleg\u00f3 la ola polar y tres escuelas de Z\u00e1rate no tienen gas"},"content":{"rendered":"<!-- VideographyWP Plugin Message: Automatic video embedding prevented by plugin options. -->\n\n<p>Desde Suteba, aseguraron que durante todo el invierno los chicos de tres instituciones de Z\u00e1rate no tendr\u00e1n ning\u00fan tipo de calefacci\u00f3n en las aulas o agua para tomar infusiones calientes. Las temperaturas asoman apenas los 2 y 3 \u00b0C y los alumnos deben concurrir con frazadas para poder hacerle frente al fr\u00edo.<\/p>\n\n\n\n<p>A inicios de mayo, Z\u00e1rate Alerta dialog\u00f3 con N\u00e9stor Pires, Secretario adjunto de SUTEBA, y logr\u00f3 realizar un detalle del estado de los establecimientos. Junto con extensas entrevistas a docentes, directivos y auxiliares, llegaron a la conclusi\u00f3n de que cuatro escuelas de la zona no tienen calefacci\u00f3n y posiblemente no la tendr\u00e1n hasta el a\u00f1o pr\u00f3ximo.<\/p>\n\n\n\n<p>Se trata de: Primaria N\u00b07, donde tambi\u00e9n funciona la Secundaria N\u00b0 14, la cu\u00e1l \u00abtiene cepo y que no est\u00e1 el presupuesto desde Provincia para realizar el trabajo en la ca\u00f1er\u00eda de gas\u00bb. Hoy asisten m\u00e1s de 800 ni\u00f1os, y ni siquiera la instalaci\u00f3n el\u00e9ctrica est\u00e1 apta, ya que no resiste caloventores funcionando en simult\u00e1neo en todas las salas.<\/p>\n\n\n\n<p>Por su parte, Primaria N\u00b0 10, tambi\u00e9n Secundaria N\u00b0 7, sufre la misma situaci\u00f3n, tiene cepo, no hay fondos de Provincia, el Concejo Escolar no cuenta con los recursos para realizar ese trabajo y encima, poseen una gran deuda con Naturgy que debe ser saldada.<\/p>\n\n\n\n<p>Secundaria N\u00b02, no va a tener gas hasta el invierno 2020, ya que se encontraba dentro de un programa de escuelas de las cu\u00e1les se ten\u00eda que hacer cargo lel gobierno provincial, pero nunca gir\u00f3 los recursos.<\/p>\n\n\n\n<p>Por \u00faltimo, la \u00fanica en la que s\u00ed se est\u00e1 trabajando es la T\u00e9cnica N\u00b01, ex Colegio Industrial. \u00abEs posible que dentro de pocas semanas puedan contar con calefacci\u00f3n, pero a\u00fan no\u00bb, expres\u00f3 el dirigente.<\/p>\n\n\n\n<p><strong>Fuente:&nbsp;<\/strong>Noticias Z\u00e1rate Alerta&nbsp;<\/p>\n","protected":false},"excerpt":{"rendered":"<p>Desde Suteba, aseguraron que durante todo el invierno los chicos de tres instituciones de Z\u00e1rate no tendr\u00e1n ning\u00fan tipo de calefacci\u00f3n en las aulas o agua para tomar infusiones calientes. Las temperaturas asoman apenas los 2 y 3 \u00b0C y los alumnos deben concurrir con frazadas para poder hacerle frente al fr\u00edo. A inicios de [&hellip;]<\/p>\n","protected":false},"author":4,"featured_media":55440,"comment_status":"open","ping_status":"closed","sticky":false,"template":"","format":"standard","meta":{"om_disable_all_campaigns":false,"_jetpack_memberships_contains_paid_content":false,"footnotes":""},"categories":[621],"tags":[],"class_list":["post-55439","post","type-post","status-publish","format-standard","has-post-thumbnail","hentry","category-regionales"],"aioseo_notices":[],"gutentor_comment":0,"jetpack_featured_media_url":"https:\/\/eldiariodesanpedro.com.ar\/sitio\/wp-content\/uploads\/2019\/07\/ESCUELA-PRIMARIA-20-SIN-CALEFACCION-1.jpg","jetpack_shortlink":"https:\/\/wp.me\/p6RhLt-eqb","jetpack_sharing_enabled":true,"_links":{"self":[{"href":"https:\/\/eldiariodesanpedro.com.ar\/sitio\/wp-json\/wp\/v2\/posts\/55439","targetHints":{"allow":["GET"]}}],"collection":[{"href":"https:\/\/eldiariodesanpedro.com.ar\/sitio\/wp-json\/wp\/v2\/posts"}],"about":[{"href":"https:\/\/eldiariodesanpedro.com.ar\/sitio\/wp-json\/wp\/v2\/types\/post"}],"author":[{"embeddable":true,"href":"https:\/\/eldiariodesanpedro.com.ar\/sitio\/wp-json\/wp\/v2\/users\/4"}],"replies":[{"embeddable":true,"href":"https:\/\/eldiariodesanpedro.com.ar\/sitio\/wp-json\/wp\/v2\/comments?post=55439"}],"version-history":[{"count":1,"href":"https:\/\/eldiariodesanpedro.com.ar\/sitio\/wp-json\/wp\/v2\/posts\/55439\/revisions"}],"predecessor-version":[{"id":55441,"href":"https:\/\/eldiariodesanpedro.com.ar\/sitio\/wp-json\/wp\/v2\/posts\/55439\/revisions\/55441"}],"wp:featuredmedia":[{"embeddable":true,"href":"https:\/\/eldiariodesanpedro.com.ar\/sitio\/wp-json\/wp\/v2\/media\/55440"}],"wp:attachment":[{"href":"https:\/\/eldiariodesanpedro.com.ar\/sitio\/wp-json\/wp\/v2\/media?parent=55439"}],"wp:term":[{"taxonomy":"category","embeddable":true,"href":"https:\/\/eldiariodesanpedro.com.ar\/sitio\/wp-json\/wp\/v2\/categories?post=55439"},{"taxonomy":"post_tag","embeddable":true,"href":"https:\/\/eldiariodesanpedro.com.ar\/sitio\/wp-json\/wp\/v2\/tags?post=55439"}],"curies":[{"name":"wp","href":"https:\/\/api.w.org\/{rel}","templated":true}]}}