{"id":55436,"date":"2019-07-01T10:44:18","date_gmt":"2019-07-01T13:44:18","guid":{"rendered":"https:\/\/eldiariodesanpedro.com.ar\/sitio\/?p=55436"},"modified":"2019-07-01T10:44:22","modified_gmt":"2019-07-01T13:44:22","slug":"ramallo-concejales-presentaron-un-habeas-corpus-por-los-trabajadores-bio-ramallo","status":"publish","type":"post","link":"https:\/\/eldiariodesanpedro.com.ar\/sitio\/ramallo-concejales-presentaron-un-habeas-corpus-por-los-trabajadores-bio-ramallo\/","title":{"rendered":"RAMALLO: Concejales presentaron un Habeas Corpus por los trabajadores Bio Ramallo"},"content":{"rendered":"<!-- VideographyWP Plugin Message: Automatic video embedding prevented by plugin options. -->\n\n<p>Los concejales de Ramallo realizaron una presentaci\u00f3n en la fiscal\u00eda del Dr. Julio Tan\u00fas, pidiendo un \u201chabeas corpus\u201d para defender la integridad f\u00edsica de los trabajadores. \u201cEste pedido de H\u00e1beas Corpus tiene que ver con la presencia de los 200 polic\u00edas que de forma exagerada avanzaron intimidando a los trabajadores\u00a0 y ante la posibilidad de que puedan volver con una avanzada as\u00ed. Fuimos ante el fiscal Julio Tan\u00fas quien, en principio, dijo que no se iba a reprimir y aunque\u00a0 nos atendi\u00f3 bien no pudo darnos garant\u00eda de que esto no se vuelva a repetir\u201d, explico Elvio Zanazzi, concejal del Frente para la Victoria-Unidad Ciudadana.<\/p>\n\n\n\n<p>Adem\u00e1s Zanazzi expreso que \u201ctambi\u00e9n porque a trav\u00e9s de la polic\u00eda quisieron imputar a los trabajadores por un delito que no existe&nbsp; con una notificaci\u00f3n que no ten\u00eda nombre ni estaba dirigida a nadie. La idea es poder proteger a los trabajadores\u201d.<\/p>\n\n\n\n<p>Si bien todos los concejales fueron informados e invitados a acompa\u00f1ar esta medida, cabe mencionar que la misma fue firmada por el bloque completo del Frente para la Victoria-Unidad Ciudadana; Diego Ram\u00edrez, del Frente Renovador; y Luis Onofri, titular de la Casa de la Memoria de Ramallo.<\/p>\n\n\n\n<p>Fuente: Ramallo Informa<\/p>\n","protected":false},"excerpt":{"rendered":"<p>Los concejales de Ramallo realizaron una presentaci\u00f3n en la fiscal\u00eda del Dr. Julio Tan\u00fas, pidiendo un \u201chabeas corpus\u201d para defender la integridad f\u00edsica de los trabajadores. \u201cEste pedido de H\u00e1beas Corpus tiene que ver con la presencia de los 200 polic\u00edas que de forma exagerada avanzaron intimidando a los trabajadores\u00a0 y ante la posibilidad de [&hellip;]<\/p>\n","protected":false},"author":4,"featured_media":55437,"comment_status":"open","ping_status":"closed","sticky":false,"template":"","format":"standard","meta":{"om_disable_all_campaigns":false,"_jetpack_memberships_contains_paid_content":false,"footnotes":""},"categories":[621],"tags":[],"class_list":["post-55436","post","type-post","status-publish","format-standard","has-post-thumbnail","hentry","category-regionales"],"aioseo_notices":[],"gutentor_comment":0,"jetpack_featured_media_url":"https:\/\/eldiariodesanpedro.com.ar\/sitio\/wp-content\/uploads\/2019\/07\/WhatsApp-Image-2019-06-26-at-21.05.54.jpeg","jetpack_shortlink":"https:\/\/wp.me\/p6RhLt-eq8","jetpack_sharing_enabled":true,"_links":{"self":[{"href":"https:\/\/eldiariodesanpedro.com.ar\/sitio\/wp-json\/wp\/v2\/posts\/55436","targetHints":{"allow":["GET"]}}],"collection":[{"href":"https:\/\/eldiariodesanpedro.com.ar\/sitio\/wp-json\/wp\/v2\/posts"}],"about":[{"href":"https:\/\/eldiariodesanpedro.com.ar\/sitio\/wp-json\/wp\/v2\/types\/post"}],"author":[{"embeddable":true,"href":"https:\/\/eldiariodesanpedro.com.ar\/sitio\/wp-json\/wp\/v2\/users\/4"}],"replies":[{"embeddable":true,"href":"https:\/\/eldiariodesanpedro.com.ar\/sitio\/wp-json\/wp\/v2\/comments?post=55436"}],"version-history":[{"count":1,"href":"https:\/\/eldiariodesanpedro.com.ar\/sitio\/wp-json\/wp\/v2\/posts\/55436\/revisions"}],"predecessor-version":[{"id":55438,"href":"https:\/\/eldiariodesanpedro.com.ar\/sitio\/wp-json\/wp\/v2\/posts\/55436\/revisions\/55438"}],"wp:featuredmedia":[{"embeddable":true,"href":"https:\/\/eldiariodesanpedro.com.ar\/sitio\/wp-json\/wp\/v2\/media\/55437"}],"wp:attachment":[{"href":"https:\/\/eldiariodesanpedro.com.ar\/sitio\/wp-json\/wp\/v2\/media?parent=55436"}],"wp:term":[{"taxonomy":"category","embeddable":true,"href":"https:\/\/eldiariodesanpedro.com.ar\/sitio\/wp-json\/wp\/v2\/categories?post=55436"},{"taxonomy":"post_tag","embeddable":true,"href":"https:\/\/eldiariodesanpedro.com.ar\/sitio\/wp-json\/wp\/v2\/tags?post=55436"}],"curies":[{"name":"wp","href":"https:\/\/api.w.org\/{rel}","templated":true}]}}