{"id":5543,"date":"2016-06-16T18:00:57","date_gmt":"2016-06-16T21:00:57","guid":{"rendered":"https:\/\/eldiariodesanpedro.com.ar\/sitio\/?p=5543"},"modified":"2016-06-16T18:00:57","modified_gmt":"2016-06-16T21:00:57","slug":"valles-esta-en-terapia-intensiva-tras-el-accidente-ocurrido-en-el-ingreso-a-arrecifes","status":"publish","type":"post","link":"https:\/\/eldiariodesanpedro.com.ar\/sitio\/valles-esta-en-terapia-intensiva-tras-el-accidente-ocurrido-en-el-ingreso-a-arrecifes\/","title":{"rendered":"Valles est\u00e1 en terapia intensiva tras el accidente ocurrido en el ingreso a Arrecifes"},"content":{"rendered":"<p><!-- VideographyWP Plugin Message: Automatic video embedding prevented by plugin options. --><br \/>\nDe esta manera, la Justicia pudo dar con esta persona que era intensamente buscada. Valles viajaba en su Renault 9, color blanco, por la ruta provincial 51 que une Arrecifes con la localidad de Ramallo. El exagente viajaba solo y, a unos 10 km antes de arribar a la ciudad, se despist\u00f3 e impact\u00f3 violentamente contra una hilera de \u00e1rboles que est\u00e1n ubicados al costado de la ruta.<br \/>\nSi bien hay muchas especulaciones respecto a lo sucedido, una de las hip\u00f3tesis m\u00e1s fuerte es que habr\u00eda intentado quitarse la vida.<br \/>\nEl hombre tuvo que ser intervenido quir\u00fargicamente en el Hospital de la localidad por las graves lesiones que sufri\u00f3 y se encuentra ahora en terapia intensiva. Se espera la evoluci\u00f3n de las pr\u00f3ximas horas, pero su estado es delicado.<br \/>\nEl mismo deb\u00eda presentarse el pasado lunes, cuando la Justicia dio a conocer el veredicto y luego determin\u00f3 una condena de 5 a\u00f1os de prisi\u00f3n.<br \/>\nTras varios allanamientos en su ciudad de residencia durante la semana, no se lo pudo hallar y finalmente el choque en el que se vio involucrado determin\u00f3 su captura.<br \/>\nCabe recordar que el exagente fue encontrado culpable de haber asaltado y robado animales,  hecho caratulado como abigeato, al productor Francisco P\u00e9rez en el mes de julio de 2013, en R\u00edo Tala.<\/p>\n","protected":false},"excerpt":{"rendered":"<p>De esta manera, la Justicia pudo dar con esta persona que era intensamente buscada. Valles viajaba en su Renault 9, color blanco, por la ruta provincial 51 que une Arrecifes con la localidad de Ramallo. El exagente viajaba solo y, a unos 10 km antes de arribar a la ciudad, se despist\u00f3 e impact\u00f3 violentamente [&hellip;]<\/p>\n","protected":false},"author":4,"featured_media":5544,"comment_status":"open","ping_status":"closed","sticky":false,"template":"","format":"standard","meta":{"om_disable_all_campaigns":false,"_jetpack_memberships_contains_paid_content":false,"footnotes":""},"categories":[50,2,103],"tags":[],"class_list":["post-5543","post","type-post","status-publish","format-standard","has-post-thumbnail","hentry","category-destacadas","category-locales","category-policiales-locales"],"aioseo_notices":[],"gutentor_comment":0,"jetpack_featured_media_url":"https:\/\/eldiariodesanpedro.com.ar\/sitio\/wp-content\/uploads\/2016\/06\/PAGINA-3-10.jpg","jetpack_shortlink":"https:\/\/wp.me\/p6RhLt-1rp","jetpack_sharing_enabled":true,"_links":{"self":[{"href":"https:\/\/eldiariodesanpedro.com.ar\/sitio\/wp-json\/wp\/v2\/posts\/5543","targetHints":{"allow":["GET"]}}],"collection":[{"href":"https:\/\/eldiariodesanpedro.com.ar\/sitio\/wp-json\/wp\/v2\/posts"}],"about":[{"href":"https:\/\/eldiariodesanpedro.com.ar\/sitio\/wp-json\/wp\/v2\/types\/post"}],"author":[{"embeddable":true,"href":"https:\/\/eldiariodesanpedro.com.ar\/sitio\/wp-json\/wp\/v2\/users\/4"}],"replies":[{"embeddable":true,"href":"https:\/\/eldiariodesanpedro.com.ar\/sitio\/wp-json\/wp\/v2\/comments?post=5543"}],"version-history":[{"count":1,"href":"https:\/\/eldiariodesanpedro.com.ar\/sitio\/wp-json\/wp\/v2\/posts\/5543\/revisions"}],"predecessor-version":[{"id":5545,"href":"https:\/\/eldiariodesanpedro.com.ar\/sitio\/wp-json\/wp\/v2\/posts\/5543\/revisions\/5545"}],"wp:featuredmedia":[{"embeddable":true,"href":"https:\/\/eldiariodesanpedro.com.ar\/sitio\/wp-json\/wp\/v2\/media\/5544"}],"wp:attachment":[{"href":"https:\/\/eldiariodesanpedro.com.ar\/sitio\/wp-json\/wp\/v2\/media?parent=5543"}],"wp:term":[{"taxonomy":"category","embeddable":true,"href":"https:\/\/eldiariodesanpedro.com.ar\/sitio\/wp-json\/wp\/v2\/categories?post=5543"},{"taxonomy":"post_tag","embeddable":true,"href":"https:\/\/eldiariodesanpedro.com.ar\/sitio\/wp-json\/wp\/v2\/tags?post=5543"}],"curies":[{"name":"wp","href":"https:\/\/api.w.org\/{rel}","templated":true}]}}