{"id":55429,"date":"2019-07-01T10:38:20","date_gmt":"2019-07-01T13:38:20","guid":{"rendered":"https:\/\/eldiariodesanpedro.com.ar\/sitio\/?p=55429"},"modified":"2019-07-01T10:38:24","modified_gmt":"2019-07-01T13:38:24","slug":"campana-abrio-la-inscripcion-a-la-escuela-de-policias","status":"publish","type":"post","link":"https:\/\/eldiariodesanpedro.com.ar\/sitio\/campana-abrio-la-inscripcion-a-la-escuela-de-policias\/","title":{"rendered":"CAMPANA: Abri\u00f3 la inscripci\u00f3n a la Escuela de Polic\u00edas"},"content":{"rendered":"<!-- VideographyWP Plugin Message: Automatic video embedding prevented by plugin options. -->\n\n<p>Los interesados en sumarse a la fuerza deber\u00e1n presentarse este jueves 27 y viernes 28, desde las 9, en la Oficina Municipal de Empleo (25 de mayo 957). Ambos d\u00edas habr\u00e1 una charla informativa al respecto.<\/p>\n\n\n\n<p>La Oficina Municipal de Empleo informa que se encuentra abierta la inscripci\u00f3n para incorporarse a la Escuela de Polic\u00edas.<\/p>\n\n\n\n<p>Los interesados en incorporarse a la fuerza deber\u00e1n acercarse este jueves 27 y viernes 28, a partir de las 9, en la mencionada oficina ubicada en 25 de mayo 957. Ambos d\u00edas se realizar\u00e1 tambi\u00e9n una charla informativa al respecto.<\/p>\n\n\n\n<p>Tendr\u00e1n que presentarse con CV en mano y anal\u00edtico o constancia de anal\u00edtico en tr\u00e1mite.<\/p>\n\n\n\n<p>La convocatoria se extiende a personal de sexo indistinto. Los requisitos son tener entre 18 y 24 a\u00f1os y poseer secundario completo (con anal\u00edtico o con constancia de anal\u00edtico en tr\u00e1mite) o a finalizar durante este a\u00f1o.<\/p>\n\n\n\n<p>Fuente:&nbsp;Noticias Z\u00e1rate Alerta&nbsp;<\/p>\n","protected":false},"excerpt":{"rendered":"<p>Los interesados en sumarse a la fuerza deber\u00e1n presentarse este jueves 27 y viernes 28, desde las 9, en la Oficina Municipal de Empleo (25 de mayo 957). Ambos d\u00edas habr\u00e1 una charla informativa al respecto. La Oficina Municipal de Empleo informa que se encuentra abierta la inscripci\u00f3n para incorporarse a la Escuela de Polic\u00edas. [&hellip;]<\/p>\n","protected":false},"author":4,"featured_media":55430,"comment_status":"open","ping_status":"closed","sticky":false,"template":"","format":"standard","meta":{"om_disable_all_campaigns":false,"_jetpack_memberships_contains_paid_content":false,"footnotes":""},"categories":[621],"tags":[],"class_list":["post-55429","post","type-post","status-publish","format-standard","has-post-thumbnail","hentry","category-regionales"],"aioseo_notices":[],"gutentor_comment":0,"jetpack_featured_media_url":"https:\/\/eldiariodesanpedro.com.ar\/sitio\/wp-content\/uploads\/2019\/07\/26607.jpg","jetpack_shortlink":"https:\/\/wp.me\/p6RhLt-eq1","jetpack_sharing_enabled":true,"_links":{"self":[{"href":"https:\/\/eldiariodesanpedro.com.ar\/sitio\/wp-json\/wp\/v2\/posts\/55429","targetHints":{"allow":["GET"]}}],"collection":[{"href":"https:\/\/eldiariodesanpedro.com.ar\/sitio\/wp-json\/wp\/v2\/posts"}],"about":[{"href":"https:\/\/eldiariodesanpedro.com.ar\/sitio\/wp-json\/wp\/v2\/types\/post"}],"author":[{"embeddable":true,"href":"https:\/\/eldiariodesanpedro.com.ar\/sitio\/wp-json\/wp\/v2\/users\/4"}],"replies":[{"embeddable":true,"href":"https:\/\/eldiariodesanpedro.com.ar\/sitio\/wp-json\/wp\/v2\/comments?post=55429"}],"version-history":[{"count":1,"href":"https:\/\/eldiariodesanpedro.com.ar\/sitio\/wp-json\/wp\/v2\/posts\/55429\/revisions"}],"predecessor-version":[{"id":55431,"href":"https:\/\/eldiariodesanpedro.com.ar\/sitio\/wp-json\/wp\/v2\/posts\/55429\/revisions\/55431"}],"wp:featuredmedia":[{"embeddable":true,"href":"https:\/\/eldiariodesanpedro.com.ar\/sitio\/wp-json\/wp\/v2\/media\/55430"}],"wp:attachment":[{"href":"https:\/\/eldiariodesanpedro.com.ar\/sitio\/wp-json\/wp\/v2\/media?parent=55429"}],"wp:term":[{"taxonomy":"category","embeddable":true,"href":"https:\/\/eldiariodesanpedro.com.ar\/sitio\/wp-json\/wp\/v2\/categories?post=55429"},{"taxonomy":"post_tag","embeddable":true,"href":"https:\/\/eldiariodesanpedro.com.ar\/sitio\/wp-json\/wp\/v2\/tags?post=55429"}],"curies":[{"name":"wp","href":"https:\/\/api.w.org\/{rel}","templated":true}]}}