{"id":55417,"date":"2019-07-01T09:55:41","date_gmt":"2019-07-01T12:55:41","guid":{"rendered":"https:\/\/eldiariodesanpedro.com.ar\/sitio\/?p=55417"},"modified":"2019-07-01T10:26:50","modified_gmt":"2019-07-01T13:26:50","slug":"tres-mujeres-menores-detenidas-por-robo-en-un-supermercado-y-de-un-celular","status":"publish","type":"post","link":"https:\/\/eldiariodesanpedro.com.ar\/sitio\/tres-mujeres-menores-detenidas-por-robo-en-un-supermercado-y-de-un-celular\/","title":{"rendered":"Tres mujeres menores detenidas por robo en un supermercado y de un celular"},"content":{"rendered":"<!-- VideographyWP Plugin Message: Automatic video embedding prevented by plugin options. -->\n\n<p> El hecho ocurri\u00f3 este domingo en calle San Mart\u00edn y Av. Sarmiento, donde la polic\u00eda procede a la aprehensi\u00f3n de tres mujeres menores de edad de entre 13 y 15 a\u00f1os, quienes momentos antes habr\u00edan sustra\u00eddo mercader\u00edas supermercado Buena vida de origen chino, las j\u00f3venes delincuentes se dieron a la fuga tras ser descubiertas por los propietarios del comercio. <\/p>\n\n\n\n<p>Minutos m\u00e1s tarde las mismas femeninas regresan en busca de bolso que dejan al ingresar al comercio, para est\u00f3 los elementos hab\u00edan sido retenidos por propietaria del comercio hasta la llegada del personal policial a quienes hace entrega. <\/p>\n\n\n\n<p>En el interior del bolso se constata existencia tel\u00e9fono celular sustra\u00eddo el mismo d\u00eda a una menor de 12 a\u00f1os quien identifica a cuatro femeninas de las mismas caracter\u00edsticas f\u00edsicas que las aprehendidas, este hecho ocurri\u00f3 horas antes en la intersecci\u00f3n de calle Bottaro y Bv. Moreno donde sustraen mediante agresi\u00f3n f\u00edsica, el telefono recuperado fue reconocido por la victima.<\/p>\n\n\n\n<p>Las tres j\u00f3venes fueron aprehendidas y trasladas a la comisaria local, donde fueron entregadas a sus progenitores.<\/p>\n","protected":false},"excerpt":{"rendered":"<p>El hecho ocurri\u00f3 este domingo en calle San Mart\u00edn y Av. Sarmiento, donde la polic\u00eda procede a la aprehensi\u00f3n de tres mujeres menores de edad de entre 13 y 15 a\u00f1os, quienes momentos antes habr\u00edan sustra\u00eddo mercader\u00edas supermercado Buena vida de origen chino, las j\u00f3venes delincuentes se dieron a la fuga tras ser descubiertas por [&hellip;]<\/p>\n","protected":false},"author":4,"featured_media":55418,"comment_status":"open","ping_status":"closed","sticky":false,"template":"","format":"standard","meta":{"om_disable_all_campaigns":false,"_jetpack_memberships_contains_paid_content":false,"footnotes":""},"categories":[2,103],"tags":[],"class_list":["post-55417","post","type-post","status-publish","format-standard","has-post-thumbnail","hentry","category-locales","category-policiales-locales"],"aioseo_notices":[],"gutentor_comment":0,"jetpack_featured_media_url":"https:\/\/eldiariodesanpedro.com.ar\/sitio\/wp-content\/uploads\/2019\/07\/2019-07-01.png","jetpack_shortlink":"https:\/\/wp.me\/p6RhLt-epP","jetpack_sharing_enabled":true,"_links":{"self":[{"href":"https:\/\/eldiariodesanpedro.com.ar\/sitio\/wp-json\/wp\/v2\/posts\/55417","targetHints":{"allow":["GET"]}}],"collection":[{"href":"https:\/\/eldiariodesanpedro.com.ar\/sitio\/wp-json\/wp\/v2\/posts"}],"about":[{"href":"https:\/\/eldiariodesanpedro.com.ar\/sitio\/wp-json\/wp\/v2\/types\/post"}],"author":[{"embeddable":true,"href":"https:\/\/eldiariodesanpedro.com.ar\/sitio\/wp-json\/wp\/v2\/users\/4"}],"replies":[{"embeddable":true,"href":"https:\/\/eldiariodesanpedro.com.ar\/sitio\/wp-json\/wp\/v2\/comments?post=55417"}],"version-history":[{"count":2,"href":"https:\/\/eldiariodesanpedro.com.ar\/sitio\/wp-json\/wp\/v2\/posts\/55417\/revisions"}],"predecessor-version":[{"id":55428,"href":"https:\/\/eldiariodesanpedro.com.ar\/sitio\/wp-json\/wp\/v2\/posts\/55417\/revisions\/55428"}],"wp:featuredmedia":[{"embeddable":true,"href":"https:\/\/eldiariodesanpedro.com.ar\/sitio\/wp-json\/wp\/v2\/media\/55418"}],"wp:attachment":[{"href":"https:\/\/eldiariodesanpedro.com.ar\/sitio\/wp-json\/wp\/v2\/media?parent=55417"}],"wp:term":[{"taxonomy":"category","embeddable":true,"href":"https:\/\/eldiariodesanpedro.com.ar\/sitio\/wp-json\/wp\/v2\/categories?post=55417"},{"taxonomy":"post_tag","embeddable":true,"href":"https:\/\/eldiariodesanpedro.com.ar\/sitio\/wp-json\/wp\/v2\/tags?post=55417"}],"curies":[{"name":"wp","href":"https:\/\/api.w.org\/{rel}","templated":true}]}}