{"id":55415,"date":"2019-07-01T09:47:36","date_gmt":"2019-07-01T12:47:36","guid":{"rendered":"https:\/\/eldiariodesanpedro.com.ar\/sitio\/?p=55415"},"modified":"2019-07-01T09:47:41","modified_gmt":"2019-07-01T12:47:41","slug":"un-aprehendido-por-violencia-de-genero-4","status":"publish","type":"post","link":"https:\/\/eldiariodesanpedro.com.ar\/sitio\/un-aprehendido-por-violencia-de-genero-4\/","title":{"rendered":"Un aprehendido por violencia de g\u00e9nero"},"content":{"rendered":"<!-- VideographyWP Plugin Message: Automatic video embedding prevented by plugin options. -->\n\n<p>El personal policial de la comisaria de San Pedro se hace presente en calle Javier Rivero 700 procede al traslado fines legales a sede policial de masculino mayor de edad quien momentos antes mantuvo discusi\u00f3n con su pareja femenina mayor de edad manifestando amenazas de muerte, v\u00edctima asistida en Comisar\u00eda de la Mujer y la Familia.  <\/p>\n\n\n\n<p>Comunicaci\u00f3n Instructor en turno dispone notificaci\u00f3n formaci\u00f3n de las actuaciones para el imputado y dem\u00e1s recaudos legales.<\/p>\n","protected":false},"excerpt":{"rendered":"<p>El personal policial de la comisaria de San Pedro se hace presente en calle Javier Rivero 700 procede al traslado fines legales a sede policial de masculino mayor de edad quien momentos antes mantuvo discusi\u00f3n con su pareja femenina mayor de edad manifestando amenazas de muerte, v\u00edctima asistida en Comisar\u00eda de la Mujer y la [&hellip;]<\/p>\n","protected":false},"author":4,"featured_media":31829,"comment_status":"open","ping_status":"closed","sticky":false,"template":"","format":"standard","meta":{"om_disable_all_campaigns":false,"_jetpack_memberships_contains_paid_content":false,"footnotes":""},"categories":[2,103],"tags":[],"class_list":["post-55415","post","type-post","status-publish","format-standard","has-post-thumbnail","hentry","category-locales","category-policiales-locales"],"aioseo_notices":[],"gutentor_comment":0,"jetpack_featured_media_url":"https:\/\/eldiariodesanpedro.com.ar\/sitio\/wp-content\/uploads\/2018\/04\/detenido_658x400_0.jpg","jetpack_shortlink":"https:\/\/wp.me\/p6RhLt-epN","jetpack_sharing_enabled":true,"_links":{"self":[{"href":"https:\/\/eldiariodesanpedro.com.ar\/sitio\/wp-json\/wp\/v2\/posts\/55415","targetHints":{"allow":["GET"]}}],"collection":[{"href":"https:\/\/eldiariodesanpedro.com.ar\/sitio\/wp-json\/wp\/v2\/posts"}],"about":[{"href":"https:\/\/eldiariodesanpedro.com.ar\/sitio\/wp-json\/wp\/v2\/types\/post"}],"author":[{"embeddable":true,"href":"https:\/\/eldiariodesanpedro.com.ar\/sitio\/wp-json\/wp\/v2\/users\/4"}],"replies":[{"embeddable":true,"href":"https:\/\/eldiariodesanpedro.com.ar\/sitio\/wp-json\/wp\/v2\/comments?post=55415"}],"version-history":[{"count":1,"href":"https:\/\/eldiariodesanpedro.com.ar\/sitio\/wp-json\/wp\/v2\/posts\/55415\/revisions"}],"predecessor-version":[{"id":55416,"href":"https:\/\/eldiariodesanpedro.com.ar\/sitio\/wp-json\/wp\/v2\/posts\/55415\/revisions\/55416"}],"wp:featuredmedia":[{"embeddable":true,"href":"https:\/\/eldiariodesanpedro.com.ar\/sitio\/wp-json\/wp\/v2\/media\/31829"}],"wp:attachment":[{"href":"https:\/\/eldiariodesanpedro.com.ar\/sitio\/wp-json\/wp\/v2\/media?parent=55415"}],"wp:term":[{"taxonomy":"category","embeddable":true,"href":"https:\/\/eldiariodesanpedro.com.ar\/sitio\/wp-json\/wp\/v2\/categories?post=55415"},{"taxonomy":"post_tag","embeddable":true,"href":"https:\/\/eldiariodesanpedro.com.ar\/sitio\/wp-json\/wp\/v2\/tags?post=55415"}],"curies":[{"name":"wp","href":"https:\/\/api.w.org\/{rel}","templated":true}]}}