{"id":55413,"date":"2019-07-01T09:44:36","date_gmt":"2019-07-01T12:44:36","guid":{"rendered":"https:\/\/eldiariodesanpedro.com.ar\/sitio\/?p=55413"},"modified":"2019-07-01T10:07:52","modified_gmt":"2019-07-01T13:07:52","slug":"se-aprehendio-a-delincuente-tras-investigacion-de-un-robo","status":"publish","type":"post","link":"https:\/\/eldiariodesanpedro.com.ar\/sitio\/se-aprehendio-a-delincuente-tras-investigacion-de-un-robo\/","title":{"rendered":"Se aprehendi\u00f3 a delincuente tras investigaci\u00f3n de un robo"},"content":{"rendered":"<!-- VideographyWP Plugin Message: Automatic video embedding prevented by plugin options. -->\n\n<p>Este domingo el personal policial de nuestra ciudad en relaci\u00f3n a una denuncia radicada por comerciante masculino mayor de edad, dando cuenta haber sufrido sustracci\u00f3n de mercader\u00eda en comercio ubicado en Bozzano al 200, y realizada investigaciones se logra establecer autor\u00eda del hecho y aprehensi\u00f3n de masculino mayor de edad a quien se le secuestran elementos denunciado en calle Fray del Pozo al 2300, el imputado notificaci\u00f3n formaci\u00f3n actuaciones quedando alojado a disposici\u00f3n fiscal\u00eda interviniente.<\/p>\n\n\n\n<figure class=\"wp-block-image\"><img decoding=\"async\" width=\"961\" height=\"1024\" data-attachment-id=\"55425\" data-permalink=\"https:\/\/eldiariodesanpedro.com.ar\/sitio\/se-aprehendio-a-delincuente-tras-investigacion-de-un-robo\/mercaderias-robadas-y-recuperadas-1\/\" data-orig-file=\"https:\/\/eldiariodesanpedro.com.ar\/sitio\/wp-content\/uploads\/2019\/07\/Mercader\u00edas-robadas-y-recuperadas-1.jpg\" data-orig-size=\"1201,1280\" data-comments-opened=\"1\" data-image-meta=\"{&quot;aperture&quot;:&quot;0&quot;,&quot;credit&quot;:&quot;&quot;,&quot;camera&quot;:&quot;&quot;,&quot;caption&quot;:&quot;&quot;,&quot;created_timestamp&quot;:&quot;0&quot;,&quot;copyright&quot;:&quot;&quot;,&quot;focal_length&quot;:&quot;0&quot;,&quot;iso&quot;:&quot;0&quot;,&quot;shutter_speed&quot;:&quot;0&quot;,&quot;title&quot;:&quot;&quot;,&quot;orientation&quot;:&quot;0&quot;}\" data-image-title=\"Mercader\u00edas robadas y recuperadas 1\" data-image-description=\"\" data-image-caption=\"\" data-large-file=\"https:\/\/eldiariodesanpedro.com.ar\/sitio\/wp-content\/uploads\/2019\/07\/Mercader\u00edas-robadas-y-recuperadas-1-961x1024.jpg\" data-src=\"https:\/\/eldiariodesanpedro.com.ar\/sitio\/wp-content\/uploads\/2019\/07\/Mercader\u00edas-robadas-y-recuperadas-1-961x1024.jpg\" alt=\"\" class=\"wp-image-55425 lazyload\" data-srcset=\"https:\/\/eldiariodesanpedro.com.ar\/sitio\/wp-content\/uploads\/2019\/07\/Mercader\u00edas-robadas-y-recuperadas-1-961x1024.jpg 961w, https:\/\/eldiariodesanpedro.com.ar\/sitio\/wp-content\/uploads\/2019\/07\/Mercader\u00edas-robadas-y-recuperadas-1-281x300.jpg 281w, https:\/\/eldiariodesanpedro.com.ar\/sitio\/wp-content\/uploads\/2019\/07\/Mercader\u00edas-robadas-y-recuperadas-1-768x819.jpg 768w, https:\/\/eldiariodesanpedro.com.ar\/sitio\/wp-content\/uploads\/2019\/07\/Mercader\u00edas-robadas-y-recuperadas-1.jpg 1201w\" data-sizes=\"(max-width: 961px) 100vw, 961px\" src=\"data:image\/svg+xml;base64,PHN2ZyB3aWR0aD0iMSIgaGVpZ2h0PSIxIiB4bWxucz0iaHR0cDovL3d3dy53My5vcmcvMjAwMC9zdmciPjwvc3ZnPg==\" style=\"--smush-placeholder-width: 961px; --smush-placeholder-aspect-ratio: 961\/1024;\" \/><\/figure>\n","protected":false},"excerpt":{"rendered":"<p>Este domingo el personal policial de nuestra ciudad en relaci\u00f3n a una denuncia radicada por comerciante masculino mayor de edad, dando cuenta haber sufrido sustracci\u00f3n de mercader\u00eda en comercio ubicado en Bozzano al 200, y realizada investigaciones se logra establecer autor\u00eda del hecho y aprehensi\u00f3n de masculino mayor de edad a quien se le secuestran [&hellip;]<\/p>\n","protected":false},"author":4,"featured_media":16975,"comment_status":"open","ping_status":"closed","sticky":false,"template":"","format":"standard","meta":{"om_disable_all_campaigns":false,"_jetpack_memberships_contains_paid_content":false,"footnotes":""},"categories":[2,103],"tags":[],"class_list":["post-55413","post","type-post","status-publish","format-standard","has-post-thumbnail","hentry","category-locales","category-policiales-locales"],"aioseo_notices":[],"gutentor_comment":0,"jetpack_featured_media_url":"https:\/\/eldiariodesanpedro.com.ar\/sitio\/wp-content\/uploads\/2017\/04\/DSC_0001-e1496698354685.jpg","jetpack_shortlink":"https:\/\/wp.me\/p6RhLt-epL","jetpack_sharing_enabled":true,"_links":{"self":[{"href":"https:\/\/eldiariodesanpedro.com.ar\/sitio\/wp-json\/wp\/v2\/posts\/55413","targetHints":{"allow":["GET"]}}],"collection":[{"href":"https:\/\/eldiariodesanpedro.com.ar\/sitio\/wp-json\/wp\/v2\/posts"}],"about":[{"href":"https:\/\/eldiariodesanpedro.com.ar\/sitio\/wp-json\/wp\/v2\/types\/post"}],"author":[{"embeddable":true,"href":"https:\/\/eldiariodesanpedro.com.ar\/sitio\/wp-json\/wp\/v2\/users\/4"}],"replies":[{"embeddable":true,"href":"https:\/\/eldiariodesanpedro.com.ar\/sitio\/wp-json\/wp\/v2\/comments?post=55413"}],"version-history":[{"count":2,"href":"https:\/\/eldiariodesanpedro.com.ar\/sitio\/wp-json\/wp\/v2\/posts\/55413\/revisions"}],"predecessor-version":[{"id":55426,"href":"https:\/\/eldiariodesanpedro.com.ar\/sitio\/wp-json\/wp\/v2\/posts\/55413\/revisions\/55426"}],"wp:featuredmedia":[{"embeddable":true,"href":"https:\/\/eldiariodesanpedro.com.ar\/sitio\/wp-json\/wp\/v2\/media\/16975"}],"wp:attachment":[{"href":"https:\/\/eldiariodesanpedro.com.ar\/sitio\/wp-json\/wp\/v2\/media?parent=55413"}],"wp:term":[{"taxonomy":"category","embeddable":true,"href":"https:\/\/eldiariodesanpedro.com.ar\/sitio\/wp-json\/wp\/v2\/categories?post=55413"},{"taxonomy":"post_tag","embeddable":true,"href":"https:\/\/eldiariodesanpedro.com.ar\/sitio\/wp-json\/wp\/v2\/tags?post=55413"}],"curies":[{"name":"wp","href":"https:\/\/api.w.org\/{rel}","templated":true}]}}