{"id":5541,"date":"2016-06-16T17:59:25","date_gmt":"2016-06-16T20:59:25","guid":{"rendered":"https:\/\/eldiariodesanpedro.com.ar\/sitio\/?p=5541"},"modified":"2016-06-16T17:59:25","modified_gmt":"2016-06-16T20:59:25","slug":"rio-tala-aprehenden-a-un-joven-por-homicidio-culposo-en-grado-de-tentativa","status":"publish","type":"post","link":"https:\/\/eldiariodesanpedro.com.ar\/sitio\/rio-tala-aprehenden-a-un-joven-por-homicidio-culposo-en-grado-de-tentativa\/","title":{"rendered":"R\u00edo Tala: Aprehenden a un joven por homicidio culposo en grado de tentativa"},"content":{"rendered":"<p><!-- VideographyWP Plugin Message: Automatic video embedding prevented by plugin options. --><br \/>\nEfectivos policiales procedieron ayer a la aprehensi\u00f3n de un sujeto de 22 a\u00f1os que era buscado por la Justicia, imputado por un hecho caratulado como \u201cHomicidio Culposo en Grado de Tentativa\u201d.<br \/>\nEl pasado 23 de abril, se produjo un enfrentamiento armado en la localidad de R\u00edo Tala, donde un joven result\u00f3 herido. Un disparo de arma de fuego le produjo una lesi\u00f3n en la zona cercana a un ojo. En ese entonces, la v\u00edctima se traslad\u00f3 por sus propios medios a la guardia del Hospital, donde se pudo determinar que la bala tan solo lo hab\u00eda rozado.<br \/>\nSe llevaron a cabo una serie de allanamientos en distintos domicilios de la localidad, hasta que el imputado pudo ser capturado.<br \/>\nLa autoridad judicial interviniente dispuso su alojamiento en la dependencia local y su presentaci\u00f3n en el d\u00eda de ma\u00f1ana a sede Judicial. Se labraron actuaciones con intervenci\u00f3n de la UFI N\u00ba 11.<\/p>\n","protected":false},"excerpt":{"rendered":"<p>Efectivos policiales procedieron ayer a la aprehensi\u00f3n de un sujeto de 22 a\u00f1os que era buscado por la Justicia, imputado por un hecho caratulado como \u201cHomicidio Culposo en Grado de Tentativa\u201d. El pasado 23 de abril, se produjo un enfrentamiento armado en la localidad de R\u00edo Tala, donde un joven result\u00f3 herido. Un disparo de [&hellip;]<\/p>\n","protected":false},"author":4,"featured_media":4713,"comment_status":"open","ping_status":"closed","sticky":false,"template":"","format":"standard","meta":{"om_disable_all_campaigns":false,"_jetpack_memberships_contains_paid_content":false,"footnotes":""},"categories":[50,2,103],"tags":[],"class_list":["post-5541","post","type-post","status-publish","format-standard","has-post-thumbnail","hentry","category-destacadas","category-locales","category-policiales-locales"],"aioseo_notices":[],"gutentor_comment":0,"jetpack_featured_media_url":"https:\/\/eldiariodesanpedro.com.ar\/sitio\/wp-content\/uploads\/2016\/05\/detenido.jpg","jetpack_shortlink":"https:\/\/wp.me\/p6RhLt-1rn","jetpack_sharing_enabled":true,"_links":{"self":[{"href":"https:\/\/eldiariodesanpedro.com.ar\/sitio\/wp-json\/wp\/v2\/posts\/5541","targetHints":{"allow":["GET"]}}],"collection":[{"href":"https:\/\/eldiariodesanpedro.com.ar\/sitio\/wp-json\/wp\/v2\/posts"}],"about":[{"href":"https:\/\/eldiariodesanpedro.com.ar\/sitio\/wp-json\/wp\/v2\/types\/post"}],"author":[{"embeddable":true,"href":"https:\/\/eldiariodesanpedro.com.ar\/sitio\/wp-json\/wp\/v2\/users\/4"}],"replies":[{"embeddable":true,"href":"https:\/\/eldiariodesanpedro.com.ar\/sitio\/wp-json\/wp\/v2\/comments?post=5541"}],"version-history":[{"count":1,"href":"https:\/\/eldiariodesanpedro.com.ar\/sitio\/wp-json\/wp\/v2\/posts\/5541\/revisions"}],"predecessor-version":[{"id":5542,"href":"https:\/\/eldiariodesanpedro.com.ar\/sitio\/wp-json\/wp\/v2\/posts\/5541\/revisions\/5542"}],"wp:featuredmedia":[{"embeddable":true,"href":"https:\/\/eldiariodesanpedro.com.ar\/sitio\/wp-json\/wp\/v2\/media\/4713"}],"wp:attachment":[{"href":"https:\/\/eldiariodesanpedro.com.ar\/sitio\/wp-json\/wp\/v2\/media?parent=5541"}],"wp:term":[{"taxonomy":"category","embeddable":true,"href":"https:\/\/eldiariodesanpedro.com.ar\/sitio\/wp-json\/wp\/v2\/categories?post=5541"},{"taxonomy":"post_tag","embeddable":true,"href":"https:\/\/eldiariodesanpedro.com.ar\/sitio\/wp-json\/wp\/v2\/tags?post=5541"}],"curies":[{"name":"wp","href":"https:\/\/api.w.org\/{rel}","templated":true}]}}