{"id":55403,"date":"2019-06-30T17:19:31","date_gmt":"2019-06-30T20:19:31","guid":{"rendered":"https:\/\/eldiariodesanpedro.com.ar\/sitio\/?p=55403"},"modified":"2019-06-30T17:19:37","modified_gmt":"2019-06-30T20:19:37","slug":"despidos-y-protesta-en-el-club-nautico-san-pedro","status":"publish","type":"post","link":"https:\/\/eldiariodesanpedro.com.ar\/sitio\/despidos-y-protesta-en-el-club-nautico-san-pedro\/","title":{"rendered":"Despidos y protesta en el Club N\u00e1utico San Pedro"},"content":{"rendered":"<!-- VideographyWP Plugin Message: Automatic video embedding prevented by plugin options. -->\n\n<p>Un grupo de trabajadores se n\u00facleo durante la ma\u00f1ana del s\u00e1bado en las puertas de la instituci\u00f3n costera para reclamar por el despido de dos\u00a0compa\u00f1eros. Delegados locales y regionales de Utedyc acompa\u00f1aron el reclamo y aseguraron que van a seguir hasta las \u00faltimas consecuencias. <\/p>\n\n\n\n<p>En la ma\u00f1ana del s\u00e1bado un grupo de trabajadores del Club N\u00e1utico, entre los que se encontraban operarios y profesores, se reunieron en las puertas de la instituci\u00f3n para reclamar y protestar ante el despido de dos de sus compa\u00f1eros.<\/p>\n\n\n\n<p>Seg\u00fan contaron, los dos telegramas fueron enviados en las \u00faltimas horas sin previo aviso y de manera arbitraria, y la preocupaci\u00f3n se genera al advertirse que podr\u00eda seguir sucediendo lo mismo con otros trabajadores.<\/p>\n\n\n\n<p>Los delegados gremiales adelantaron que desde la Comisi\u00f3n Directiva que actualmente presidente el Dr. Mauricio Gugger en forma interina por licencia del Dr. Marcos Arana, les indicaron que no van a dar marcha atr\u00e1s con la decisi\u00f3n tomada y que a cada uno de los trabajadores despedidos se los indemnizar\u00e1 como corresponde.<\/p>\n\n\n\n<p>Por otro lado, los representantes de Utedyc adelantaron que firmaron acta en el cual los dirigentes se comprometieron a no despedir m\u00e1s empleados por el t\u00e9rmino de seis meses.\u00a0<\/p>\n\n\n\n<p>Fuente: San Pedro Informa<\/p>\n","protected":false},"excerpt":{"rendered":"<p>Un grupo de trabajadores se n\u00facleo durante la ma\u00f1ana del s\u00e1bado en las puertas de la instituci\u00f3n costera para reclamar por el despido de dos\u00a0compa\u00f1eros. Delegados locales y regionales de Utedyc acompa\u00f1aron el reclamo y aseguraron que van a seguir hasta las \u00faltimas consecuencias. En la ma\u00f1ana del s\u00e1bado un grupo de trabajadores del Club [&hellip;]<\/p>\n","protected":false},"author":4,"featured_media":55404,"comment_status":"open","ping_status":"closed","sticky":false,"template":"","format":"standard","meta":{"om_disable_all_campaigns":false,"_jetpack_memberships_contains_paid_content":false,"footnotes":""},"categories":[50,101,2],"tags":[],"class_list":["post-55403","post","type-post","status-publish","format-standard","has-post-thumbnail","hentry","category-destacadas","category-interes-general-locales","category-locales"],"aioseo_notices":[],"gutentor_comment":0,"jetpack_featured_media_url":"https:\/\/eldiariodesanpedro.com.ar\/sitio\/wp-content\/uploads\/2019\/06\/000078072.jpg","jetpack_shortlink":"https:\/\/wp.me\/p6RhLt-epB","jetpack_sharing_enabled":true,"_links":{"self":[{"href":"https:\/\/eldiariodesanpedro.com.ar\/sitio\/wp-json\/wp\/v2\/posts\/55403","targetHints":{"allow":["GET"]}}],"collection":[{"href":"https:\/\/eldiariodesanpedro.com.ar\/sitio\/wp-json\/wp\/v2\/posts"}],"about":[{"href":"https:\/\/eldiariodesanpedro.com.ar\/sitio\/wp-json\/wp\/v2\/types\/post"}],"author":[{"embeddable":true,"href":"https:\/\/eldiariodesanpedro.com.ar\/sitio\/wp-json\/wp\/v2\/users\/4"}],"replies":[{"embeddable":true,"href":"https:\/\/eldiariodesanpedro.com.ar\/sitio\/wp-json\/wp\/v2\/comments?post=55403"}],"version-history":[{"count":1,"href":"https:\/\/eldiariodesanpedro.com.ar\/sitio\/wp-json\/wp\/v2\/posts\/55403\/revisions"}],"predecessor-version":[{"id":55405,"href":"https:\/\/eldiariodesanpedro.com.ar\/sitio\/wp-json\/wp\/v2\/posts\/55403\/revisions\/55405"}],"wp:featuredmedia":[{"embeddable":true,"href":"https:\/\/eldiariodesanpedro.com.ar\/sitio\/wp-json\/wp\/v2\/media\/55404"}],"wp:attachment":[{"href":"https:\/\/eldiariodesanpedro.com.ar\/sitio\/wp-json\/wp\/v2\/media?parent=55403"}],"wp:term":[{"taxonomy":"category","embeddable":true,"href":"https:\/\/eldiariodesanpedro.com.ar\/sitio\/wp-json\/wp\/v2\/categories?post=55403"},{"taxonomy":"post_tag","embeddable":true,"href":"https:\/\/eldiariodesanpedro.com.ar\/sitio\/wp-json\/wp\/v2\/tags?post=55403"}],"curies":[{"name":"wp","href":"https:\/\/api.w.org\/{rel}","templated":true}]}}