{"id":55400,"date":"2019-06-30T17:17:03","date_gmt":"2019-06-30T20:17:03","guid":{"rendered":"https:\/\/eldiariodesanpedro.com.ar\/sitio\/?p=55400"},"modified":"2019-06-30T17:17:08","modified_gmt":"2019-06-30T20:17:08","slug":"robaron-una-escalera-en-el-hospital-local","status":"publish","type":"post","link":"https:\/\/eldiariodesanpedro.com.ar\/sitio\/robaron-una-escalera-en-el-hospital-local\/","title":{"rendered":"Robaron una escalera en el hospital local"},"content":{"rendered":"<!-- VideographyWP Plugin Message: Automatic video embedding prevented by plugin options. -->\n\n<p>\n\nEl hecho aconteci\u00f3 durante la madrugada del viernes y los protagonistas del episodio se trasladaron con la escalera por los techos del nosocomio. El mismo d\u00eda robaron en el Cec&nbsp;que se encuentra enfrente y en la direcci\u00f3n del Cef ubicado a media cuadra.&nbsp;\n\n<\/p>\n\n\n\n<p>Un hecho sin precedentes se produjo en la madrugada del viernes en el hospital \u00abEmilio Ruffa\u00bb de nuestra localidad cuando personas desconocidas ingresaron al lugar y se llevaron una escalera de aluminio que se encontraba en el patio del establecimiento sanitario.<\/p>\n\n\n\n<p>Seg\u00fan se pudo saber los autores del hecho ingresaron por uno de los laterales del lugar, escalaron por los techos hasta llegar al patio,\u00a0subieron la escalera hacia el techo y caminaron por el mismo lugar para huir por la calle sin que nadie advierta el traslado de los ladrones con la larga escalera en la mano.<\/p>\n\n\n\n<p>Se estima que los ladrones conoc\u00edan o ten\u00edan medianamente estudiado el sector por donde pod\u00edan manejarse porque evitaron ser\u00a0tomados por las c\u00e1maras de seguridad que existen en el establecimiento. Solamente se puede apreciar una imagen a trav\u00e9s de una de las de las c\u00e1maras que muestra c\u00f3mo la escalera es suvida\u00a0hac\u00eda arriba de uno de los techos.<\/p>\n\n\n\n<p>El elemento sustra\u00eddo era de suma utilidad ya que se trataba de la escalera m\u00e1s alta que ten\u00eda el personal de mantenimiento para sus tareas diarias. Por ahora no hay demasiados datos para dar con los autores del hecho ni con la escalera sustra\u00edda, se aguarda saber si alguna c\u00e1mara de la zona report\u00f3 la huida de los ladrones por la calle y con la escalera.<\/p>\n\n\n\n<p>Fuente: San Pedro Informa<\/p>\n","protected":false},"excerpt":{"rendered":"<p>El hecho aconteci\u00f3 durante la madrugada del viernes y los protagonistas del episodio se trasladaron con la escalera por los techos del nosocomio. El mismo d\u00eda robaron en el Cec&nbsp;que se encuentra enfrente y en la direcci\u00f3n del Cef ubicado a media cuadra.&nbsp; Un hecho sin precedentes se produjo en la madrugada del viernes en [&hellip;]<\/p>\n","protected":false},"author":4,"featured_media":55401,"comment_status":"open","ping_status":"closed","sticky":false,"template":"","format":"standard","meta":{"om_disable_all_campaigns":false,"_jetpack_memberships_contains_paid_content":false,"footnotes":""},"categories":[2,103],"tags":[],"class_list":["post-55400","post","type-post","status-publish","format-standard","has-post-thumbnail","hentry","category-locales","category-policiales-locales"],"aioseo_notices":[],"gutentor_comment":0,"jetpack_featured_media_url":"https:\/\/eldiariodesanpedro.com.ar\/sitio\/wp-content\/uploads\/2019\/06\/000078088.jpg","jetpack_shortlink":"https:\/\/wp.me\/p6RhLt-epy","jetpack_sharing_enabled":true,"_links":{"self":[{"href":"https:\/\/eldiariodesanpedro.com.ar\/sitio\/wp-json\/wp\/v2\/posts\/55400","targetHints":{"allow":["GET"]}}],"collection":[{"href":"https:\/\/eldiariodesanpedro.com.ar\/sitio\/wp-json\/wp\/v2\/posts"}],"about":[{"href":"https:\/\/eldiariodesanpedro.com.ar\/sitio\/wp-json\/wp\/v2\/types\/post"}],"author":[{"embeddable":true,"href":"https:\/\/eldiariodesanpedro.com.ar\/sitio\/wp-json\/wp\/v2\/users\/4"}],"replies":[{"embeddable":true,"href":"https:\/\/eldiariodesanpedro.com.ar\/sitio\/wp-json\/wp\/v2\/comments?post=55400"}],"version-history":[{"count":1,"href":"https:\/\/eldiariodesanpedro.com.ar\/sitio\/wp-json\/wp\/v2\/posts\/55400\/revisions"}],"predecessor-version":[{"id":55402,"href":"https:\/\/eldiariodesanpedro.com.ar\/sitio\/wp-json\/wp\/v2\/posts\/55400\/revisions\/55402"}],"wp:featuredmedia":[{"embeddable":true,"href":"https:\/\/eldiariodesanpedro.com.ar\/sitio\/wp-json\/wp\/v2\/media\/55401"}],"wp:attachment":[{"href":"https:\/\/eldiariodesanpedro.com.ar\/sitio\/wp-json\/wp\/v2\/media?parent=55400"}],"wp:term":[{"taxonomy":"category","embeddable":true,"href":"https:\/\/eldiariodesanpedro.com.ar\/sitio\/wp-json\/wp\/v2\/categories?post=55400"},{"taxonomy":"post_tag","embeddable":true,"href":"https:\/\/eldiariodesanpedro.com.ar\/sitio\/wp-json\/wp\/v2\/tags?post=55400"}],"curies":[{"name":"wp","href":"https:\/\/api.w.org\/{rel}","templated":true}]}}