{"id":55396,"date":"2019-06-30T17:04:24","date_gmt":"2019-06-30T20:04:24","guid":{"rendered":"https:\/\/eldiariodesanpedro.com.ar\/sitio\/?p=55396"},"modified":"2019-06-30T17:04:28","modified_gmt":"2019-06-30T20:04:28","slug":"aprehendidos-por-tenencia-ilegal-de-estupefacientes","status":"publish","type":"post","link":"https:\/\/eldiariodesanpedro.com.ar\/sitio\/aprehendidos-por-tenencia-ilegal-de-estupefacientes\/","title":{"rendered":"Aprehendidos por tenencia ilegal de estupefacientes"},"content":{"rendered":"<!-- VideographyWP Plugin Message: Automatic video embedding prevented by plugin options. -->\n\n<p>El Personal Policial en el marco Operativo&nbsp; de Saturaci\u00f3n, en Manuel Iglesias y G\u00fcemes aprehendi\u00f3 a masculino de 26 a\u00f1os, secuestrando interior vestimenta envoltorio nylon con sustancia similar a la marihuana.&nbsp;&nbsp;&nbsp;<\/p>\n\n\n\n<p>Tambi\u00e9n en el mismo operativo de saturaci\u00f3n, en Benefactora Sampedrina y Lavalle aprehendi\u00f3 a masculino de 22 a\u00f1os, secuestrando interior vestimenta 2 envoltorio nylon con sustancia similar marihuana&nbsp; y un tercer envoltorio nylon conteniendo sustancia clorhidrato de coca\u00edna.<br><\/p>\n","protected":false},"excerpt":{"rendered":"<p>El Personal Policial en el marco Operativo&nbsp; de Saturaci\u00f3n, en Manuel Iglesias y G\u00fcemes aprehendi\u00f3 a masculino de 26 a\u00f1os, secuestrando interior vestimenta envoltorio nylon con sustancia similar a la marihuana.&nbsp;&nbsp;&nbsp; Tambi\u00e9n en el mismo operativo de saturaci\u00f3n, en Benefactora Sampedrina y Lavalle aprehendi\u00f3 a masculino de 22 a\u00f1os, secuestrando interior vestimenta 2 envoltorio nylon [&hellip;]<\/p>\n","protected":false},"author":4,"featured_media":16976,"comment_status":"open","ping_status":"closed","sticky":false,"template":"","format":"standard","meta":{"om_disable_all_campaigns":false,"_jetpack_memberships_contains_paid_content":false,"footnotes":""},"categories":[2,103],"tags":[],"class_list":["post-55396","post","type-post","status-publish","format-standard","has-post-thumbnail","hentry","category-locales","category-policiales-locales"],"aioseo_notices":[],"gutentor_comment":0,"jetpack_featured_media_url":"https:\/\/eldiariodesanpedro.com.ar\/sitio\/wp-content\/uploads\/2017\/04\/DSC_0002-e1496323008397.jpg","jetpack_shortlink":"https:\/\/wp.me\/p6RhLt-epu","jetpack_sharing_enabled":true,"_links":{"self":[{"href":"https:\/\/eldiariodesanpedro.com.ar\/sitio\/wp-json\/wp\/v2\/posts\/55396","targetHints":{"allow":["GET"]}}],"collection":[{"href":"https:\/\/eldiariodesanpedro.com.ar\/sitio\/wp-json\/wp\/v2\/posts"}],"about":[{"href":"https:\/\/eldiariodesanpedro.com.ar\/sitio\/wp-json\/wp\/v2\/types\/post"}],"author":[{"embeddable":true,"href":"https:\/\/eldiariodesanpedro.com.ar\/sitio\/wp-json\/wp\/v2\/users\/4"}],"replies":[{"embeddable":true,"href":"https:\/\/eldiariodesanpedro.com.ar\/sitio\/wp-json\/wp\/v2\/comments?post=55396"}],"version-history":[{"count":1,"href":"https:\/\/eldiariodesanpedro.com.ar\/sitio\/wp-json\/wp\/v2\/posts\/55396\/revisions"}],"predecessor-version":[{"id":55397,"href":"https:\/\/eldiariodesanpedro.com.ar\/sitio\/wp-json\/wp\/v2\/posts\/55396\/revisions\/55397"}],"wp:featuredmedia":[{"embeddable":true,"href":"https:\/\/eldiariodesanpedro.com.ar\/sitio\/wp-json\/wp\/v2\/media\/16976"}],"wp:attachment":[{"href":"https:\/\/eldiariodesanpedro.com.ar\/sitio\/wp-json\/wp\/v2\/media?parent=55396"}],"wp:term":[{"taxonomy":"category","embeddable":true,"href":"https:\/\/eldiariodesanpedro.com.ar\/sitio\/wp-json\/wp\/v2\/categories?post=55396"},{"taxonomy":"post_tag","embeddable":true,"href":"https:\/\/eldiariodesanpedro.com.ar\/sitio\/wp-json\/wp\/v2\/tags?post=55396"}],"curies":[{"name":"wp","href":"https:\/\/api.w.org\/{rel}","templated":true}]}}