{"id":55394,"date":"2019-06-30T16:56:22","date_gmt":"2019-06-30T19:56:22","guid":{"rendered":"https:\/\/eldiariodesanpedro.com.ar\/sitio\/?p=55394"},"modified":"2019-06-30T16:56:26","modified_gmt":"2019-06-30T19:56:26","slug":"aprehendidos-por-pedido-de-captura-activo","status":"publish","type":"post","link":"https:\/\/eldiariodesanpedro.com.ar\/sitio\/aprehendidos-por-pedido-de-captura-activo\/","title":{"rendered":"Aprehendidos por pedido de captura activo"},"content":{"rendered":"<!-- VideographyWP Plugin Message: Automatic video embedding prevented by plugin options. -->\n\n<p>Este s\u00e1bado en el marco de operativos saturaci\u00f3n din\u00e1mico, en la intersecci\u00f3n de las calles Mitre y Quiroga&nbsp; se aprehendi\u00f3 a masculino de 16 a\u00f1os, quien registraba captura activa a requerimiento de la Departamental de Mercedes, por el magistrado que dispuso recaudos legales su comparecencia dicho Dpto judicial, posterior libertad restituci\u00f3n a progenitor.&nbsp;<\/p>\n\n\n\n<p>En el mismo dia y en los mismo operativos en Bottaro al 1130 se aprehendi\u00f3 a masculino de 22 a\u00f1os quien registra pedido de captura activo&nbsp; a requerimiento  Juzgado Garant\u00edas Juvenil San Nicol\u00e1s, magistrado dispuso de recaudos legales su comparecencia dicho magistrado, posterior libertad.<br><\/p>\n","protected":false},"excerpt":{"rendered":"<p>Este s\u00e1bado en el marco de operativos saturaci\u00f3n din\u00e1mico, en la intersecci\u00f3n de las calles Mitre y Quiroga&nbsp; se aprehendi\u00f3 a masculino de 16 a\u00f1os, quien registraba captura activa a requerimiento de la Departamental de Mercedes, por el magistrado que dispuso recaudos legales su comparecencia dicho Dpto judicial, posterior libertad restituci\u00f3n a progenitor.&nbsp; En el [&hellip;]<\/p>\n","protected":false},"author":4,"featured_media":33688,"comment_status":"open","ping_status":"closed","sticky":false,"template":"","format":"standard","meta":{"om_disable_all_campaigns":false,"_jetpack_memberships_contains_paid_content":false,"footnotes":""},"categories":[2,103],"tags":[],"class_list":["post-55394","post","type-post","status-publish","format-standard","has-post-thumbnail","hentry","category-locales","category-policiales-locales"],"aioseo_notices":[],"gutentor_comment":0,"jetpack_featured_media_url":"https:\/\/eldiariodesanpedro.com.ar\/sitio\/wp-content\/uploads\/2018\/05\/detenidos-4.jpg","jetpack_shortlink":"https:\/\/wp.me\/p6RhLt-eps","jetpack_sharing_enabled":true,"_links":{"self":[{"href":"https:\/\/eldiariodesanpedro.com.ar\/sitio\/wp-json\/wp\/v2\/posts\/55394","targetHints":{"allow":["GET"]}}],"collection":[{"href":"https:\/\/eldiariodesanpedro.com.ar\/sitio\/wp-json\/wp\/v2\/posts"}],"about":[{"href":"https:\/\/eldiariodesanpedro.com.ar\/sitio\/wp-json\/wp\/v2\/types\/post"}],"author":[{"embeddable":true,"href":"https:\/\/eldiariodesanpedro.com.ar\/sitio\/wp-json\/wp\/v2\/users\/4"}],"replies":[{"embeddable":true,"href":"https:\/\/eldiariodesanpedro.com.ar\/sitio\/wp-json\/wp\/v2\/comments?post=55394"}],"version-history":[{"count":1,"href":"https:\/\/eldiariodesanpedro.com.ar\/sitio\/wp-json\/wp\/v2\/posts\/55394\/revisions"}],"predecessor-version":[{"id":55395,"href":"https:\/\/eldiariodesanpedro.com.ar\/sitio\/wp-json\/wp\/v2\/posts\/55394\/revisions\/55395"}],"wp:featuredmedia":[{"embeddable":true,"href":"https:\/\/eldiariodesanpedro.com.ar\/sitio\/wp-json\/wp\/v2\/media\/33688"}],"wp:attachment":[{"href":"https:\/\/eldiariodesanpedro.com.ar\/sitio\/wp-json\/wp\/v2\/media?parent=55394"}],"wp:term":[{"taxonomy":"category","embeddable":true,"href":"https:\/\/eldiariodesanpedro.com.ar\/sitio\/wp-json\/wp\/v2\/categories?post=55394"},{"taxonomy":"post_tag","embeddable":true,"href":"https:\/\/eldiariodesanpedro.com.ar\/sitio\/wp-json\/wp\/v2\/tags?post=55394"}],"curies":[{"name":"wp","href":"https:\/\/api.w.org\/{rel}","templated":true}]}}