{"id":55390,"date":"2019-06-30T16:46:55","date_gmt":"2019-06-30T19:46:55","guid":{"rendered":"https:\/\/eldiariodesanpedro.com.ar\/sitio\/?p=55390"},"modified":"2019-06-30T16:47:00","modified_gmt":"2019-06-30T19:47:00","slug":"vecinos-detuvieron-a-un-delincuente","status":"publish","type":"post","link":"https:\/\/eldiariodesanpedro.com.ar\/sitio\/vecinos-detuvieron-a-un-delincuente\/","title":{"rendered":"Vecinos detuvieron a un delincuente"},"content":{"rendered":"<!-- VideographyWP Plugin Message: Automatic video embedding prevented by plugin options. -->\n\n<p>En la madrugada de este domingo el personal policial es alertado a trav\u00e9s del 911\u00a0 por v\u00edctima masculino de 43 a\u00f1os, aprehenden en Honorio Pueyrred\u00f3n y 24 de Febrero a malviviente de 27 a\u00f1os, encontr\u00e1ndose retenido por vecinos quienes tomaron represalia, quien momentos antes sustrajo del interior del domicilio de v\u00edctima en col\u00f3n al 2200, seis sillas pl\u00e1sticas, al ser percatado por propietario este las arroja interior del patio lindante, despoj\u00e1ndose de las mismas y emprendiendo fuga, siendo interceptado por vecinos, trasladados a Comisar\u00eda, y secuestro sillas reconocida por v\u00edctima.<\/p>\n","protected":false},"excerpt":{"rendered":"<p>En la madrugada de este domingo el personal policial es alertado a trav\u00e9s del 911\u00a0 por v\u00edctima masculino de 43 a\u00f1os, aprehenden en Honorio Pueyrred\u00f3n y 24 de Febrero a malviviente de 27 a\u00f1os, encontr\u00e1ndose retenido por vecinos quienes tomaron represalia, quien momentos antes sustrajo del interior del domicilio de v\u00edctima en col\u00f3n al 2200, [&hellip;]<\/p>\n","protected":false},"author":4,"featured_media":26677,"comment_status":"open","ping_status":"closed","sticky":false,"template":"","format":"standard","meta":{"om_disable_all_campaigns":false,"_jetpack_memberships_contains_paid_content":false,"footnotes":""},"categories":[2,103],"tags":[],"class_list":["post-55390","post","type-post","status-publish","format-standard","has-post-thumbnail","hentry","category-locales","category-policiales-locales"],"aioseo_notices":[],"gutentor_comment":0,"jetpack_featured_media_url":"https:\/\/eldiariodesanpedro.com.ar\/sitio\/wp-content\/uploads\/2017\/12\/patrullas-policia-noche.jpg","jetpack_shortlink":"https:\/\/wp.me\/p6RhLt-epo","jetpack_sharing_enabled":true,"_links":{"self":[{"href":"https:\/\/eldiariodesanpedro.com.ar\/sitio\/wp-json\/wp\/v2\/posts\/55390","targetHints":{"allow":["GET"]}}],"collection":[{"href":"https:\/\/eldiariodesanpedro.com.ar\/sitio\/wp-json\/wp\/v2\/posts"}],"about":[{"href":"https:\/\/eldiariodesanpedro.com.ar\/sitio\/wp-json\/wp\/v2\/types\/post"}],"author":[{"embeddable":true,"href":"https:\/\/eldiariodesanpedro.com.ar\/sitio\/wp-json\/wp\/v2\/users\/4"}],"replies":[{"embeddable":true,"href":"https:\/\/eldiariodesanpedro.com.ar\/sitio\/wp-json\/wp\/v2\/comments?post=55390"}],"version-history":[{"count":1,"href":"https:\/\/eldiariodesanpedro.com.ar\/sitio\/wp-json\/wp\/v2\/posts\/55390\/revisions"}],"predecessor-version":[{"id":55391,"href":"https:\/\/eldiariodesanpedro.com.ar\/sitio\/wp-json\/wp\/v2\/posts\/55390\/revisions\/55391"}],"wp:featuredmedia":[{"embeddable":true,"href":"https:\/\/eldiariodesanpedro.com.ar\/sitio\/wp-json\/wp\/v2\/media\/26677"}],"wp:attachment":[{"href":"https:\/\/eldiariodesanpedro.com.ar\/sitio\/wp-json\/wp\/v2\/media?parent=55390"}],"wp:term":[{"taxonomy":"category","embeddable":true,"href":"https:\/\/eldiariodesanpedro.com.ar\/sitio\/wp-json\/wp\/v2\/categories?post=55390"},{"taxonomy":"post_tag","embeddable":true,"href":"https:\/\/eldiariodesanpedro.com.ar\/sitio\/wp-json\/wp\/v2\/tags?post=55390"}],"curies":[{"name":"wp","href":"https:\/\/api.w.org\/{rel}","templated":true}]}}