{"id":55387,"date":"2019-06-30T16:35:21","date_gmt":"2019-06-30T19:35:21","guid":{"rendered":"https:\/\/eldiariodesanpedro.com.ar\/sitio\/?p=55387"},"modified":"2019-06-30T16:35:25","modified_gmt":"2019-06-30T19:35:25","slug":"los-viveristas-renovaron-su-comision","status":"publish","type":"post","link":"https:\/\/eldiariodesanpedro.com.ar\/sitio\/los-viveristas-renovaron-su-comision\/","title":{"rendered":"Los viveristas renovaron su comisi\u00f3n"},"content":{"rendered":"<!-- VideographyWP Plugin Message: Automatic video embedding prevented by plugin options. -->\n\n<p>Con la permanencia por un nuevo per\u00edodo de Sergio Taurizano como Presidente, el 28 de junio se concret\u00f3 la Asamblea General Ordinaria de la C\u00e1mara de Viveristas, Floricultores y Afines del Noreste de la Provincia de Buenos Aires.<\/p>\n\n\n\n<p>\n\nLa renovada&nbsp; comisi\u00f3n tendr\u00e1 como desaf\u00edo dar continuidad a los proyectos de la gesti\u00f3n anterior, como las iniciativas en el marco del Cluster Flor\u00edcola AMBA y San Pedro, y la gesti\u00f3n de un proyecto \u00abCreer y Crear\u00bb para la producci\u00f3n de plantas de calidad para peque\u00f1os viveristas.<\/p>\n\n\n\n<p>La nueva Comisi\u00f3n Directiva&nbsp; qued\u00f3 conformada as\u00ed:<br>Presidente: Sergio Taurizano<br>Vicepresidente: Abel Gaido<br>Secretario: Walter Laurino<br>Prosecretario: Daniel Varela<br>Tesorero: Francisco Lorido<br>Protesorero: Mat\u00edas Gonz\u00e1lez<br>1\u00b0Vocal Titular: Agust\u00edn Torre<br>2\u00b0 Vocal Titular: Cristian Bolla<br>1\u00b0Vocal suplente: Mariano Mora<br>2\u00b0Vocal suplente: Dar\u00edo Ojeda<br>1\u00b0 Revisor de cuentas Titular: Ezequiel Mazza&nbsp;<br>2\u00b0Rivisor de cuentas Titutar: Ariel Adrover<br>1\u00b0 Revisor de cuentas suplente: Enrique Ginart.\n\n<\/p>\n","protected":false},"excerpt":{"rendered":"<p>Con la permanencia por un nuevo per\u00edodo de Sergio Taurizano como Presidente, el 28 de junio se concret\u00f3 la Asamblea General Ordinaria de la C\u00e1mara de Viveristas, Floricultores y Afines del Noreste de la Provincia de Buenos Aires. La renovada&nbsp; comisi\u00f3n tendr\u00e1 como desaf\u00edo dar continuidad a los proyectos de la gesti\u00f3n anterior, como las [&hellip;]<\/p>\n","protected":false},"author":4,"featured_media":55388,"comment_status":"open","ping_status":"closed","sticky":false,"template":"","format":"standard","meta":{"om_disable_all_campaigns":false,"_jetpack_memberships_contains_paid_content":false,"footnotes":""},"categories":[101,2],"tags":[],"class_list":["post-55387","post","type-post","status-publish","format-standard","has-post-thumbnail","hentry","category-interes-general-locales","category-locales"],"aioseo_notices":[],"gutentor_comment":0,"jetpack_featured_media_url":"https:\/\/eldiariodesanpedro.com.ar\/sitio\/wp-content\/uploads\/2019\/06\/unnamed-1.jpg","jetpack_shortlink":"https:\/\/wp.me\/p6RhLt-epl","jetpack_sharing_enabled":true,"_links":{"self":[{"href":"https:\/\/eldiariodesanpedro.com.ar\/sitio\/wp-json\/wp\/v2\/posts\/55387","targetHints":{"allow":["GET"]}}],"collection":[{"href":"https:\/\/eldiariodesanpedro.com.ar\/sitio\/wp-json\/wp\/v2\/posts"}],"about":[{"href":"https:\/\/eldiariodesanpedro.com.ar\/sitio\/wp-json\/wp\/v2\/types\/post"}],"author":[{"embeddable":true,"href":"https:\/\/eldiariodesanpedro.com.ar\/sitio\/wp-json\/wp\/v2\/users\/4"}],"replies":[{"embeddable":true,"href":"https:\/\/eldiariodesanpedro.com.ar\/sitio\/wp-json\/wp\/v2\/comments?post=55387"}],"version-history":[{"count":1,"href":"https:\/\/eldiariodesanpedro.com.ar\/sitio\/wp-json\/wp\/v2\/posts\/55387\/revisions"}],"predecessor-version":[{"id":55389,"href":"https:\/\/eldiariodesanpedro.com.ar\/sitio\/wp-json\/wp\/v2\/posts\/55387\/revisions\/55389"}],"wp:featuredmedia":[{"embeddable":true,"href":"https:\/\/eldiariodesanpedro.com.ar\/sitio\/wp-json\/wp\/v2\/media\/55388"}],"wp:attachment":[{"href":"https:\/\/eldiariodesanpedro.com.ar\/sitio\/wp-json\/wp\/v2\/media?parent=55387"}],"wp:term":[{"taxonomy":"category","embeddable":true,"href":"https:\/\/eldiariodesanpedro.com.ar\/sitio\/wp-json\/wp\/v2\/categories?post=55387"},{"taxonomy":"post_tag","embeddable":true,"href":"https:\/\/eldiariodesanpedro.com.ar\/sitio\/wp-json\/wp\/v2\/tags?post=55387"}],"curies":[{"name":"wp","href":"https:\/\/api.w.org\/{rel}","templated":true}]}}