{"id":55383,"date":"2019-06-28T20:07:08","date_gmt":"2019-06-28T23:07:08","guid":{"rendered":"https:\/\/eldiariodesanpedro.com.ar\/sitio\/?p=55383"},"modified":"2019-06-28T20:07:13","modified_gmt":"2019-06-28T23:07:13","slug":"nueva-entrega-de-materiales-para-el-merendero-corazon-contento-del-barrio-1o-de-mayo","status":"publish","type":"post","link":"https:\/\/eldiariodesanpedro.com.ar\/sitio\/nueva-entrega-de-materiales-para-el-merendero-corazon-contento-del-barrio-1o-de-mayo\/","title":{"rendered":"Nueva entrega de materiales para el Merendero Coraz\u00f3n Contento del Barrio 1\u00ba de Mayo"},"content":{"rendered":"<!-- VideographyWP Plugin Message: Automatic video embedding prevented by plugin options. -->\n\n<p>\n\nContinuando con el plan iniciado el a\u00f1o pasado, por la celebraci\u00f3n de los 75 a\u00f1os de la Cooperativa, se realiz\u00f3 una nueva entrega de utensilios de cocina, en este caso para quienes trabajan en el Merendero Coraz\u00f3n Contento del Barrio 1\u00ba de Mayo.&nbsp;<\/p>\n\n\n\n<p>El Consejo de Administraci\u00f3n dispuso la realizaci\u00f3n de diferentes acciones a favor de quienes trabajan por la comunidad y con ese objetivo ya se hab\u00edan concretado anteriormente donaciones similares para el Comedor La Uni\u00f3n y el Merendero San Miguel.&nbsp;<\/p>\n\n\n\n<p>Lo entregado consiste en materiales para el uso cotidiano en la elaboraci\u00f3n de comidas y meriendas para quienes concurren all\u00ed diariamente.\n\n<\/p>\n","protected":false},"excerpt":{"rendered":"<p>Continuando con el plan iniciado el a\u00f1o pasado, por la celebraci\u00f3n de los 75 a\u00f1os de la Cooperativa, se realiz\u00f3 una nueva entrega de utensilios de cocina, en este caso para quienes trabajan en el Merendero Coraz\u00f3n Contento del Barrio 1\u00ba de Mayo.&nbsp; El Consejo de Administraci\u00f3n dispuso la realizaci\u00f3n de diferentes acciones a favor [&hellip;]<\/p>\n","protected":false},"author":4,"featured_media":55384,"comment_status":"open","ping_status":"closed","sticky":false,"template":"","format":"standard","meta":{"om_disable_all_campaigns":false,"_jetpack_memberships_contains_paid_content":false,"footnotes":""},"categories":[101,2],"tags":[],"class_list":["post-55383","post","type-post","status-publish","format-standard","has-post-thumbnail","hentry","category-interes-general-locales","category-locales"],"aioseo_notices":[],"gutentor_comment":0,"jetpack_featured_media_url":"https:\/\/eldiariodesanpedro.com.ar\/sitio\/wp-content\/uploads\/2019\/06\/Corazon.jpg","jetpack_shortlink":"https:\/\/wp.me\/p6RhLt-eph","jetpack_sharing_enabled":true,"_links":{"self":[{"href":"https:\/\/eldiariodesanpedro.com.ar\/sitio\/wp-json\/wp\/v2\/posts\/55383","targetHints":{"allow":["GET"]}}],"collection":[{"href":"https:\/\/eldiariodesanpedro.com.ar\/sitio\/wp-json\/wp\/v2\/posts"}],"about":[{"href":"https:\/\/eldiariodesanpedro.com.ar\/sitio\/wp-json\/wp\/v2\/types\/post"}],"author":[{"embeddable":true,"href":"https:\/\/eldiariodesanpedro.com.ar\/sitio\/wp-json\/wp\/v2\/users\/4"}],"replies":[{"embeddable":true,"href":"https:\/\/eldiariodesanpedro.com.ar\/sitio\/wp-json\/wp\/v2\/comments?post=55383"}],"version-history":[{"count":1,"href":"https:\/\/eldiariodesanpedro.com.ar\/sitio\/wp-json\/wp\/v2\/posts\/55383\/revisions"}],"predecessor-version":[{"id":55385,"href":"https:\/\/eldiariodesanpedro.com.ar\/sitio\/wp-json\/wp\/v2\/posts\/55383\/revisions\/55385"}],"wp:featuredmedia":[{"embeddable":true,"href":"https:\/\/eldiariodesanpedro.com.ar\/sitio\/wp-json\/wp\/v2\/media\/55384"}],"wp:attachment":[{"href":"https:\/\/eldiariodesanpedro.com.ar\/sitio\/wp-json\/wp\/v2\/media?parent=55383"}],"wp:term":[{"taxonomy":"category","embeddable":true,"href":"https:\/\/eldiariodesanpedro.com.ar\/sitio\/wp-json\/wp\/v2\/categories?post=55383"},{"taxonomy":"post_tag","embeddable":true,"href":"https:\/\/eldiariodesanpedro.com.ar\/sitio\/wp-json\/wp\/v2\/tags?post=55383"}],"curies":[{"name":"wp","href":"https:\/\/api.w.org\/{rel}","templated":true}]}}