{"id":5538,"date":"2016-06-16T17:50:46","date_gmt":"2016-06-16T20:50:46","guid":{"rendered":"https:\/\/eldiariodesanpedro.com.ar\/sitio\/?p=5538"},"modified":"2016-06-16T17:56:39","modified_gmt":"2016-06-16T20:56:39","slug":"la-detuvieron-por-ocasionar-disturbios","status":"publish","type":"post","link":"https:\/\/eldiariodesanpedro.com.ar\/sitio\/la-detuvieron-por-ocasionar-disturbios\/","title":{"rendered":"La detuvieron por ocasionar disturbios"},"content":{"rendered":"<p><!-- VideographyWP Plugin Message: Automatic video embedding prevented by plugin options. --><br \/>\nPersonal policial aprehendi\u00f3 a una mujer de 28 a\u00f1os, en momentos en que la misma se encontraba en la Comisar\u00eda de la Mujer y La Familia ocasionando disturbios y arrojando improperios hacia el personal del Servicio local por no encontrarse conforme con resoluci\u00f3n de estos hacia una problem\u00e1tica familiar.<br \/>\nComo consecuencia de ello, se labraron actuaciones con intervenci\u00f3n del Juzgado de Paz local.<\/p>\n","protected":false},"excerpt":{"rendered":"<p>Personal policial aprehendi\u00f3 a una mujer de 28 a\u00f1os, en momentos en que la misma se encontraba en la Comisar\u00eda de la Mujer y La Familia ocasionando disturbios y arrojando improperios hacia el personal del Servicio local por no encontrarse conforme con resoluci\u00f3n de estos hacia una problem\u00e1tica familiar. Como consecuencia de ello, se labraron [&hellip;]<\/p>\n","protected":false},"author":4,"featured_media":5540,"comment_status":"open","ping_status":"closed","sticky":false,"template":"","format":"standard","meta":{"om_disable_all_campaigns":false,"_jetpack_memberships_contains_paid_content":false,"footnotes":""},"categories":[50,2,103],"tags":[],"class_list":["post-5538","post","type-post","status-publish","format-standard","has-post-thumbnail","hentry","category-destacadas","category-locales","category-policiales-locales"],"aioseo_notices":[],"gutentor_comment":0,"jetpack_featured_media_url":"https:\/\/eldiariodesanpedro.com.ar\/sitio\/wp-content\/uploads\/2016\/06\/Comisaria-de-la-mujer.jpg","jetpack_shortlink":"https:\/\/wp.me\/p6RhLt-1rk","jetpack_sharing_enabled":true,"_links":{"self":[{"href":"https:\/\/eldiariodesanpedro.com.ar\/sitio\/wp-json\/wp\/v2\/posts\/5538","targetHints":{"allow":["GET"]}}],"collection":[{"href":"https:\/\/eldiariodesanpedro.com.ar\/sitio\/wp-json\/wp\/v2\/posts"}],"about":[{"href":"https:\/\/eldiariodesanpedro.com.ar\/sitio\/wp-json\/wp\/v2\/types\/post"}],"author":[{"embeddable":true,"href":"https:\/\/eldiariodesanpedro.com.ar\/sitio\/wp-json\/wp\/v2\/users\/4"}],"replies":[{"embeddable":true,"href":"https:\/\/eldiariodesanpedro.com.ar\/sitio\/wp-json\/wp\/v2\/comments?post=5538"}],"version-history":[{"count":1,"href":"https:\/\/eldiariodesanpedro.com.ar\/sitio\/wp-json\/wp\/v2\/posts\/5538\/revisions"}],"predecessor-version":[{"id":5539,"href":"https:\/\/eldiariodesanpedro.com.ar\/sitio\/wp-json\/wp\/v2\/posts\/5538\/revisions\/5539"}],"wp:featuredmedia":[{"embeddable":true,"href":"https:\/\/eldiariodesanpedro.com.ar\/sitio\/wp-json\/wp\/v2\/media\/5540"}],"wp:attachment":[{"href":"https:\/\/eldiariodesanpedro.com.ar\/sitio\/wp-json\/wp\/v2\/media?parent=5538"}],"wp:term":[{"taxonomy":"category","embeddable":true,"href":"https:\/\/eldiariodesanpedro.com.ar\/sitio\/wp-json\/wp\/v2\/categories?post=5538"},{"taxonomy":"post_tag","embeddable":true,"href":"https:\/\/eldiariodesanpedro.com.ar\/sitio\/wp-json\/wp\/v2\/tags?post=5538"}],"curies":[{"name":"wp","href":"https:\/\/api.w.org\/{rel}","templated":true}]}}