{"id":55376,"date":"2019-06-28T20:05:18","date_gmt":"2019-06-28T23:05:18","guid":{"rendered":"https:\/\/eldiariodesanpedro.com.ar\/sitio\/?p=55376"},"modified":"2019-06-28T20:05:23","modified_gmt":"2019-06-28T23:05:23","slug":"inauguracion-de-la-manzana-educativa","status":"publish","type":"post","link":"https:\/\/eldiariodesanpedro.com.ar\/sitio\/inauguracion-de-la-manzana-educativa\/","title":{"rendered":"Inauguraci\u00f3n de la Manzana Educativa"},"content":{"rendered":"<!-- VideographyWP Plugin Message: Automatic video embedding prevented by plugin options. -->\n\n<p> En una jornada repleta de educaci\u00f3n, arte, ciencia y cultura, se realiz\u00f3 la inauguraci\u00f3n esta ma\u00f1ana de \u00abLa Manzana Educativa\u00bb, integrada por el Jard\u00edn de Infantes N\u00b0901, Escuela de Educaci\u00f3n Primaria N\u00b06, Escuela de Educaci\u00f3n Especial N\u00b0502, Escuela de Educaci\u00f3n Secundaria N\u00b013, Escuela de Educaci\u00f3n Secundaria T\u00e9cnica N\u00b01 y Centros Educativos de Nivel Secundario N\u00b0452.<\/p>\n\n\n\n<p>El marco propicio fue la presentaci\u00f3n de la Feria Distrital de Educaci\u00f3n, Arte, Ciencia y Tecnolog\u00eda que, como es habitual, se organiza para promover el trabajo en conjunto de cada una de las instituciones educativas, de sus docentes y fundamentalmente de los ni\u00f1os.Participaron autoridades municipales y provinciales, representantes del HCD, del Consejo Escolar, directivos de las instituciones, padres y alumnos de los diferentes niveles educativos, quienes expusieron y explicaron sus trabajos. Se montaron stands especiales con charlas y shows brindados por los mismos alumnos.<\/p>\n\n\n\n<p>En cada uno de los discursos con los que se abri\u00f3 la jornada, las autoridades presentes agradecieron la colaboraci\u00f3n del Municipio y se mostraron felices por la realizaci\u00f3n de esta feria que promueve la unidad e integraci\u00f3n de la comunidad. <\/p>\n\n\n\n<figure class=\"wp-block-image\"><img decoding=\"async\" width=\"1024\" height=\"578\" data-attachment-id=\"55378\" data-permalink=\"https:\/\/eldiariodesanpedro.com.ar\/sitio\/inauguracion-de-la-manzana-educativa\/bi4a9017\/\" data-orig-file=\"https:\/\/eldiariodesanpedro.com.ar\/sitio\/wp-content\/uploads\/2019\/06\/BI4A9017.jpg\" data-orig-size=\"5258,2969\" data-comments-opened=\"1\" data-image-meta=\"{&quot;aperture&quot;:&quot;4&quot;,&quot;credit&quot;:&quot;&quot;,&quot;camera&quot;:&quot;Canon EOS 5D Mark III&quot;,&quot;caption&quot;:&quot;&quot;,&quot;created_timestamp&quot;:&quot;1569410776&quot;,&quot;copyright&quot;:&quot;&quot;,&quot;focal_length&quot;:&quot;24&quot;,&quot;iso&quot;:&quot;1000&quot;,&quot;shutter_speed&quot;:&quot;0.005&quot;,&quot;title&quot;:&quot;&quot;,&quot;orientation&quot;:&quot;0&quot;}\" data-image-title=\"BI4A9017\" data-image-description=\"\" data-image-caption=\"\" data-large-file=\"https:\/\/eldiariodesanpedro.com.ar\/sitio\/wp-content\/uploads\/2019\/06\/BI4A9017-1024x578.jpg\" data-src=\"https:\/\/eldiariodesanpedro.com.ar\/sitio\/wp-content\/uploads\/2019\/06\/BI4A9017-1024x578.jpg\" alt=\"\" class=\"wp-image-55378 lazyload\" data-srcset=\"https:\/\/eldiariodesanpedro.com.ar\/sitio\/wp-content\/uploads\/2019\/06\/BI4A9017-1024x578.jpg 1024w, https:\/\/eldiariodesanpedro.com.ar\/sitio\/wp-content\/uploads\/2019\/06\/BI4A9017-300x169.jpg 300w, https:\/\/eldiariodesanpedro.com.ar\/sitio\/wp-content\/uploads\/2019\/06\/BI4A9017-768x434.jpg 768w\" data-sizes=\"(max-width: 1024px) 100vw, 1024px\" src=\"data:image\/svg+xml;base64,PHN2ZyB3aWR0aD0iMSIgaGVpZ2h0PSIxIiB4bWxucz0iaHR0cDovL3d3dy53My5vcmcvMjAwMC9zdmciPjwvc3ZnPg==\" style=\"--smush-placeholder-width: 1024px; --smush-placeholder-aspect-ratio: 1024\/578;\" \/><\/figure>\n\n\n\n<figure class=\"wp-block-image\"><img decoding=\"async\" width=\"1024\" height=\"683\" data-attachment-id=\"55379\" data-permalink=\"https:\/\/eldiariodesanpedro.com.ar\/sitio\/inauguracion-de-la-manzana-educativa\/bi4a9053\/\" data-orig-file=\"https:\/\/eldiariodesanpedro.com.ar\/sitio\/wp-content\/uploads\/2019\/06\/BI4A9053.jpg\" data-orig-size=\"5617,3745\" data-comments-opened=\"1\" data-image-meta=\"{&quot;aperture&quot;:&quot;4&quot;,&quot;credit&quot;:&quot;&quot;,&quot;camera&quot;:&quot;Canon EOS 5D Mark III&quot;,&quot;caption&quot;:&quot;&quot;,&quot;created_timestamp&quot;:&quot;1569412047&quot;,&quot;copyright&quot;:&quot;&quot;,&quot;focal_length&quot;:&quot;24&quot;,&quot;iso&quot;:&quot;1000&quot;,&quot;shutter_speed&quot;:&quot;0.004&quot;,&quot;title&quot;:&quot;&quot;,&quot;orientation&quot;:&quot;0&quot;}\" data-image-title=\"BI4A9053\" data-image-description=\"\" data-image-caption=\"\" data-large-file=\"https:\/\/eldiariodesanpedro.com.ar\/sitio\/wp-content\/uploads\/2019\/06\/BI4A9053-1024x683.jpg\" data-src=\"https:\/\/eldiariodesanpedro.com.ar\/sitio\/wp-content\/uploads\/2019\/06\/BI4A9053-1024x683.jpg\" alt=\"\" class=\"wp-image-55379 lazyload\" data-srcset=\"https:\/\/eldiariodesanpedro.com.ar\/sitio\/wp-content\/uploads\/2019\/06\/BI4A9053-1024x683.jpg 1024w, https:\/\/eldiariodesanpedro.com.ar\/sitio\/wp-content\/uploads\/2019\/06\/BI4A9053-300x200.jpg 300w, https:\/\/eldiariodesanpedro.com.ar\/sitio\/wp-content\/uploads\/2019\/06\/BI4A9053-768x512.jpg 768w\" data-sizes=\"(max-width: 1024px) 100vw, 1024px\" src=\"data:image\/svg+xml;base64,PHN2ZyB3aWR0aD0iMSIgaGVpZ2h0PSIxIiB4bWxucz0iaHR0cDovL3d3dy53My5vcmcvMjAwMC9zdmciPjwvc3ZnPg==\" style=\"--smush-placeholder-width: 1024px; --smush-placeholder-aspect-ratio: 1024\/683;\" \/><\/figure>\n\n\n\n<figure class=\"wp-block-image\"><img decoding=\"async\" width=\"1024\" height=\"683\" data-attachment-id=\"55380\" data-permalink=\"https:\/\/eldiariodesanpedro.com.ar\/sitio\/inauguracion-de-la-manzana-educativa\/bi4a9075\/\" data-orig-file=\"https:\/\/eldiariodesanpedro.com.ar\/sitio\/wp-content\/uploads\/2019\/06\/BI4A9075.jpg\" data-orig-size=\"5760,3840\" data-comments-opened=\"1\" data-image-meta=\"{&quot;aperture&quot;:&quot;4&quot;,&quot;credit&quot;:&quot;&quot;,&quot;camera&quot;:&quot;Canon EOS 5D Mark III&quot;,&quot;caption&quot;:&quot;&quot;,&quot;created_timestamp&quot;:&quot;1569412695&quot;,&quot;copyright&quot;:&quot;&quot;,&quot;focal_length&quot;:&quot;24&quot;,&quot;iso&quot;:&quot;1600&quot;,&quot;shutter_speed&quot;:&quot;0.016666666666667&quot;,&quot;title&quot;:&quot;&quot;,&quot;orientation&quot;:&quot;0&quot;}\" data-image-title=\"BI4A9075\" data-image-description=\"\" data-image-caption=\"\" data-large-file=\"https:\/\/eldiariodesanpedro.com.ar\/sitio\/wp-content\/uploads\/2019\/06\/BI4A9075-1024x683.jpg\" data-src=\"https:\/\/eldiariodesanpedro.com.ar\/sitio\/wp-content\/uploads\/2019\/06\/BI4A9075-1024x683.jpg\" alt=\"\" class=\"wp-image-55380 lazyload\" data-srcset=\"https:\/\/eldiariodesanpedro.com.ar\/sitio\/wp-content\/uploads\/2019\/06\/BI4A9075-1024x683.jpg 1024w, https:\/\/eldiariodesanpedro.com.ar\/sitio\/wp-content\/uploads\/2019\/06\/BI4A9075-300x200.jpg 300w, https:\/\/eldiariodesanpedro.com.ar\/sitio\/wp-content\/uploads\/2019\/06\/BI4A9075-768x512.jpg 768w\" data-sizes=\"(max-width: 1024px) 100vw, 1024px\" src=\"data:image\/svg+xml;base64,PHN2ZyB3aWR0aD0iMSIgaGVpZ2h0PSIxIiB4bWxucz0iaHR0cDovL3d3dy53My5vcmcvMjAwMC9zdmciPjwvc3ZnPg==\" style=\"--smush-placeholder-width: 1024px; --smush-placeholder-aspect-ratio: 1024\/683;\" \/><\/figure>\n\n\n\n<figure class=\"wp-block-image\"><img decoding=\"async\" width=\"1024\" height=\"630\" data-attachment-id=\"55381\" data-permalink=\"https:\/\/eldiariodesanpedro.com.ar\/sitio\/inauguracion-de-la-manzana-educativa\/bi4a9095\/\" data-orig-file=\"https:\/\/eldiariodesanpedro.com.ar\/sitio\/wp-content\/uploads\/2019\/06\/BI4A9095.jpg\" data-orig-size=\"5760,3541\" data-comments-opened=\"1\" data-image-meta=\"{&quot;aperture&quot;:&quot;4&quot;,&quot;credit&quot;:&quot;&quot;,&quot;camera&quot;:&quot;Canon EOS 5D Mark III&quot;,&quot;caption&quot;:&quot;&quot;,&quot;created_timestamp&quot;:&quot;1569413935&quot;,&quot;copyright&quot;:&quot;&quot;,&quot;focal_length&quot;:&quot;28&quot;,&quot;iso&quot;:&quot;500&quot;,&quot;shutter_speed&quot;:&quot;0.0125&quot;,&quot;title&quot;:&quot;&quot;,&quot;orientation&quot;:&quot;0&quot;}\" data-image-title=\"BI4A9095\" data-image-description=\"\" data-image-caption=\"\" data-large-file=\"https:\/\/eldiariodesanpedro.com.ar\/sitio\/wp-content\/uploads\/2019\/06\/BI4A9095-1024x630.jpg\" data-src=\"https:\/\/eldiariodesanpedro.com.ar\/sitio\/wp-content\/uploads\/2019\/06\/BI4A9095-1024x630.jpg\" alt=\"\" class=\"wp-image-55381 lazyload\" data-srcset=\"https:\/\/eldiariodesanpedro.com.ar\/sitio\/wp-content\/uploads\/2019\/06\/BI4A9095-1024x630.jpg 1024w, https:\/\/eldiariodesanpedro.com.ar\/sitio\/wp-content\/uploads\/2019\/06\/BI4A9095-300x184.jpg 300w, https:\/\/eldiariodesanpedro.com.ar\/sitio\/wp-content\/uploads\/2019\/06\/BI4A9095-768x472.jpg 768w\" data-sizes=\"(max-width: 1024px) 100vw, 1024px\" src=\"data:image\/svg+xml;base64,PHN2ZyB3aWR0aD0iMSIgaGVpZ2h0PSIxIiB4bWxucz0iaHR0cDovL3d3dy53My5vcmcvMjAwMC9zdmciPjwvc3ZnPg==\" style=\"--smush-placeholder-width: 1024px; --smush-placeholder-aspect-ratio: 1024\/630;\" \/><\/figure>\n","protected":false},"excerpt":{"rendered":"<p>En una jornada repleta de educaci\u00f3n, arte, ciencia y cultura, se realiz\u00f3 la inauguraci\u00f3n esta ma\u00f1ana de \u00abLa Manzana Educativa\u00bb, integrada por el Jard\u00edn de Infantes N\u00b0901, Escuela de Educaci\u00f3n Primaria N\u00b06, Escuela de Educaci\u00f3n Especial N\u00b0502, Escuela de Educaci\u00f3n Secundaria N\u00b013, Escuela de Educaci\u00f3n Secundaria T\u00e9cnica N\u00b01 y Centros Educativos de Nivel Secundario N\u00b0452. [&hellip;]<\/p>\n","protected":false},"author":4,"featured_media":55377,"comment_status":"open","ping_status":"closed","sticky":false,"template":"","format":"standard","meta":{"om_disable_all_campaigns":false,"_jetpack_memberships_contains_paid_content":false,"footnotes":""},"categories":[101,2],"tags":[],"class_list":["post-55376","post","type-post","status-publish","format-standard","has-post-thumbnail","hentry","category-interes-general-locales","category-locales"],"aioseo_notices":[],"gutentor_comment":0,"jetpack_featured_media_url":"https:\/\/eldiariodesanpedro.com.ar\/sitio\/wp-content\/uploads\/2019\/06\/1-4.jpg","jetpack_shortlink":"https:\/\/wp.me\/p6RhLt-epa","jetpack_sharing_enabled":true,"_links":{"self":[{"href":"https:\/\/eldiariodesanpedro.com.ar\/sitio\/wp-json\/wp\/v2\/posts\/55376","targetHints":{"allow":["GET"]}}],"collection":[{"href":"https:\/\/eldiariodesanpedro.com.ar\/sitio\/wp-json\/wp\/v2\/posts"}],"about":[{"href":"https:\/\/eldiariodesanpedro.com.ar\/sitio\/wp-json\/wp\/v2\/types\/post"}],"author":[{"embeddable":true,"href":"https:\/\/eldiariodesanpedro.com.ar\/sitio\/wp-json\/wp\/v2\/users\/4"}],"replies":[{"embeddable":true,"href":"https:\/\/eldiariodesanpedro.com.ar\/sitio\/wp-json\/wp\/v2\/comments?post=55376"}],"version-history":[{"count":1,"href":"https:\/\/eldiariodesanpedro.com.ar\/sitio\/wp-json\/wp\/v2\/posts\/55376\/revisions"}],"predecessor-version":[{"id":55382,"href":"https:\/\/eldiariodesanpedro.com.ar\/sitio\/wp-json\/wp\/v2\/posts\/55376\/revisions\/55382"}],"wp:featuredmedia":[{"embeddable":true,"href":"https:\/\/eldiariodesanpedro.com.ar\/sitio\/wp-json\/wp\/v2\/media\/55377"}],"wp:attachment":[{"href":"https:\/\/eldiariodesanpedro.com.ar\/sitio\/wp-json\/wp\/v2\/media?parent=55376"}],"wp:term":[{"taxonomy":"category","embeddable":true,"href":"https:\/\/eldiariodesanpedro.com.ar\/sitio\/wp-json\/wp\/v2\/categories?post=55376"},{"taxonomy":"post_tag","embeddable":true,"href":"https:\/\/eldiariodesanpedro.com.ar\/sitio\/wp-json\/wp\/v2\/tags?post=55376"}],"curies":[{"name":"wp","href":"https:\/\/api.w.org\/{rel}","templated":true}]}}