{"id":55374,"date":"2019-06-28T15:56:39","date_gmt":"2019-06-28T18:56:39","guid":{"rendered":"https:\/\/eldiariodesanpedro.com.ar\/sitio\/?p=55374"},"modified":"2019-06-28T15:56:43","modified_gmt":"2019-06-28T18:56:43","slug":"se-recuperaron-dos-motocicletas-con-secuestro-activo","status":"publish","type":"post","link":"https:\/\/eldiariodesanpedro.com.ar\/sitio\/se-recuperaron-dos-motocicletas-con-secuestro-activo\/","title":{"rendered":"Se recuperaron dos motocicletas con secuestro activo"},"content":{"rendered":"<!-- VideographyWP Plugin Message: Automatic video embedding prevented by plugin options. -->\n\n<p>Este jueves a las 10 hs. el personal policial de la comisar\u00eda local procede a secuestro moto 110 cc el cual se encontraba en aparente estado de abandono ubicado en calle Pellegrini y Juan B. Justo, presentando pedido de secuestro activo, solicitado por la UFI N\u00b0 5 local, con fecha de alta 18 de enero de 2014 por \u201cHurto\u201d en San Pedro.<\/p>\n\n\n\n<p>Durante las horas de la madrugada de este viernes el personal policial de nuestra ciudad procede a la aprehensi\u00f3n de masculino mayor de edad, quien al momento de su identificaci\u00f3n se moviliza a bordo de motocicleta 125 cc la cual registra pedido de secuestro activo del a\u00f1o 2018 en actuaciones caratuladas \u201churto\u201d, solicitado por la Fiscal\u00eda local, secuestrando el rodado. Aprehendido alojado en dependencia con su posterior libertad.<br><\/p>\n","protected":false},"excerpt":{"rendered":"<p>Este jueves a las 10 hs. el personal policial de la comisar\u00eda local procede a secuestro moto 110 cc el cual se encontraba en aparente estado de abandono ubicado en calle Pellegrini y Juan B. Justo, presentando pedido de secuestro activo, solicitado por la UFI N\u00b0 5 local, con fecha de alta 18 de enero [&hellip;]<\/p>\n","protected":false},"author":4,"featured_media":11797,"comment_status":"open","ping_status":"closed","sticky":false,"template":"","format":"standard","meta":{"om_disable_all_campaigns":false,"_jetpack_memberships_contains_paid_content":false,"footnotes":""},"categories":[2,103],"tags":[],"class_list":["post-55374","post","type-post","status-publish","format-standard","has-post-thumbnail","hentry","category-locales","category-policiales-locales"],"aioseo_notices":[],"gutentor_comment":0,"jetpack_featured_media_url":"https:\/\/eldiariodesanpedro.com.ar\/sitio\/wp-content\/uploads\/2016\/12\/moto-secuestrada.jpg","jetpack_shortlink":"https:\/\/wp.me\/p6RhLt-ep8","jetpack_sharing_enabled":true,"_links":{"self":[{"href":"https:\/\/eldiariodesanpedro.com.ar\/sitio\/wp-json\/wp\/v2\/posts\/55374","targetHints":{"allow":["GET"]}}],"collection":[{"href":"https:\/\/eldiariodesanpedro.com.ar\/sitio\/wp-json\/wp\/v2\/posts"}],"about":[{"href":"https:\/\/eldiariodesanpedro.com.ar\/sitio\/wp-json\/wp\/v2\/types\/post"}],"author":[{"embeddable":true,"href":"https:\/\/eldiariodesanpedro.com.ar\/sitio\/wp-json\/wp\/v2\/users\/4"}],"replies":[{"embeddable":true,"href":"https:\/\/eldiariodesanpedro.com.ar\/sitio\/wp-json\/wp\/v2\/comments?post=55374"}],"version-history":[{"count":1,"href":"https:\/\/eldiariodesanpedro.com.ar\/sitio\/wp-json\/wp\/v2\/posts\/55374\/revisions"}],"predecessor-version":[{"id":55375,"href":"https:\/\/eldiariodesanpedro.com.ar\/sitio\/wp-json\/wp\/v2\/posts\/55374\/revisions\/55375"}],"wp:featuredmedia":[{"embeddable":true,"href":"https:\/\/eldiariodesanpedro.com.ar\/sitio\/wp-json\/wp\/v2\/media\/11797"}],"wp:attachment":[{"href":"https:\/\/eldiariodesanpedro.com.ar\/sitio\/wp-json\/wp\/v2\/media?parent=55374"}],"wp:term":[{"taxonomy":"category","embeddable":true,"href":"https:\/\/eldiariodesanpedro.com.ar\/sitio\/wp-json\/wp\/v2\/categories?post=55374"},{"taxonomy":"post_tag","embeddable":true,"href":"https:\/\/eldiariodesanpedro.com.ar\/sitio\/wp-json\/wp\/v2\/tags?post=55374"}],"curies":[{"name":"wp","href":"https:\/\/api.w.org\/{rel}","templated":true}]}}