{"id":55372,"date":"2019-06-28T15:53:17","date_gmt":"2019-06-28T18:53:17","guid":{"rendered":"https:\/\/eldiariodesanpedro.com.ar\/sitio\/?p=55372"},"modified":"2019-06-28T15:53:21","modified_gmt":"2019-06-28T18:53:21","slug":"dos-denuncias-por-amenazas-y-una-persona-herida-en-gresca","status":"publish","type":"post","link":"https:\/\/eldiariodesanpedro.com.ar\/sitio\/dos-denuncias-por-amenazas-y-una-persona-herida-en-gresca\/","title":{"rendered":"Dos denuncias por amenazas y una persona herida en gresca"},"content":{"rendered":"<!-- VideographyWP Plugin Message: Automatic video embedding prevented by plugin options. -->\n\n<p>Se recibieron denuncias en la comisar\u00eda local por amenazas y tambi\u00e9n  una persona golpeada por otras sufriendo heridas.<\/p>\n\n\n\n<p>Este jueves se recibi\u00f3 la denuncia de una ciudadan en la comisar\u00eda local, que momentos se encontraba en su vivienda ubicada en calle Cucit al 1400 se presenta otra mujer mayor de edad que conoce, que tras discusi\u00f3n le profiere amenazas de muerte.<\/p>\n\n\n\n<p>Tambi\u00e9n el viernes en las primeras horas alrededor de las 01.30 hs el personal del destacamento de Santa Luc\u00eda procede en Ofarrel y 9 de Julio a la aprehensi\u00f3n de masculino mayor de edad, quien momentos antes habr\u00eda sido part\u00edcipe y autor del da\u00f1o de una puerta de la vivienda de su hermano y de las amenazas hacia el mencionado masculino mayor de edad.&nbsp;<\/p>\n\n\n\n<p>Durante la madrugada del mismo d\u00eda se recibi\u00f3 la denuncia de un&nbsp; masculino mayor de edad que momento se encontraba en casa de un amigo localizada en Casella y Benefactora Sampedrina se presentan tres dos sujetos masculinos y le propinan golpes caus\u00e1ndole lesi\u00f3n cortante en codo, en el nosocomio local se determin\u00f3 que las lesiones son de car\u00e1cter leves. <br><\/p>\n","protected":false},"excerpt":{"rendered":"<p>Se recibieron denuncias en la comisar\u00eda local por amenazas y tambi\u00e9n una persona golpeada por otras sufriendo heridas. Este jueves se recibi\u00f3 la denuncia de una ciudadan en la comisar\u00eda local, que momentos se encontraba en su vivienda ubicada en calle Cucit al 1400 se presenta otra mujer mayor de edad que conoce, que tras [&hellip;]<\/p>\n","protected":false},"author":4,"featured_media":45394,"comment_status":"open","ping_status":"closed","sticky":false,"template":"","format":"standard","meta":{"om_disable_all_campaigns":false,"_jetpack_memberships_contains_paid_content":false,"footnotes":""},"categories":[2,103],"tags":[],"class_list":["post-55372","post","type-post","status-publish","format-standard","has-post-thumbnail","hentry","category-locales","category-policiales-locales"],"aioseo_notices":[],"gutentor_comment":0,"jetpack_featured_media_url":"https:\/\/eldiariodesanpedro.com.ar\/sitio\/wp-content\/uploads\/2019\/01\/comisaria.jpg","jetpack_shortlink":"https:\/\/wp.me\/p6RhLt-ep6","jetpack_sharing_enabled":true,"_links":{"self":[{"href":"https:\/\/eldiariodesanpedro.com.ar\/sitio\/wp-json\/wp\/v2\/posts\/55372","targetHints":{"allow":["GET"]}}],"collection":[{"href":"https:\/\/eldiariodesanpedro.com.ar\/sitio\/wp-json\/wp\/v2\/posts"}],"about":[{"href":"https:\/\/eldiariodesanpedro.com.ar\/sitio\/wp-json\/wp\/v2\/types\/post"}],"author":[{"embeddable":true,"href":"https:\/\/eldiariodesanpedro.com.ar\/sitio\/wp-json\/wp\/v2\/users\/4"}],"replies":[{"embeddable":true,"href":"https:\/\/eldiariodesanpedro.com.ar\/sitio\/wp-json\/wp\/v2\/comments?post=55372"}],"version-history":[{"count":1,"href":"https:\/\/eldiariodesanpedro.com.ar\/sitio\/wp-json\/wp\/v2\/posts\/55372\/revisions"}],"predecessor-version":[{"id":55373,"href":"https:\/\/eldiariodesanpedro.com.ar\/sitio\/wp-json\/wp\/v2\/posts\/55372\/revisions\/55373"}],"wp:featuredmedia":[{"embeddable":true,"href":"https:\/\/eldiariodesanpedro.com.ar\/sitio\/wp-json\/wp\/v2\/media\/45394"}],"wp:attachment":[{"href":"https:\/\/eldiariodesanpedro.com.ar\/sitio\/wp-json\/wp\/v2\/media?parent=55372"}],"wp:term":[{"taxonomy":"category","embeddable":true,"href":"https:\/\/eldiariodesanpedro.com.ar\/sitio\/wp-json\/wp\/v2\/categories?post=55372"},{"taxonomy":"post_tag","embeddable":true,"href":"https:\/\/eldiariodesanpedro.com.ar\/sitio\/wp-json\/wp\/v2\/tags?post=55372"}],"curies":[{"name":"wp","href":"https:\/\/api.w.org\/{rel}","templated":true}]}}