{"id":55369,"date":"2019-06-28T15:19:50","date_gmt":"2019-06-28T18:19:50","guid":{"rendered":"https:\/\/eldiariodesanpedro.com.ar\/sitio\/?p=55369"},"modified":"2019-06-28T15:19:55","modified_gmt":"2019-06-28T18:19:55","slug":"embajadores-ril-2019","status":"publish","type":"post","link":"https:\/\/eldiariodesanpedro.com.ar\/sitio\/embajadores-ril-2019\/","title":{"rendered":"Embajadores RIL 2019"},"content":{"rendered":"<!-- VideographyWP Plugin Message: Automatic video embedding prevented by plugin options. -->\n\n<p> Esta semana se desarroll\u00f3 el segundo encuentro en el marco del programa \u201cEmbajadores RIL 2019\u201d, donde 15 funcionarios de distintas ciudades de la Argentina que fueron seleccionados por su liderazgo y poder de transformaci\u00f3n, trabajaron durante 2 d\u00edas con el prestigioso coach Axel Hinsch.<\/p>\n\n\n\n<p>El Director de Modernizaci\u00f3n Hern\u00e1n Contreras es uno de los elegidos dentro de ese grupo, donde tambi\u00e9n se encuentran funcionarios de Jun\u00edn, Cipoletti, R\u00edo Grande, San Miguel, Palpal\u00e1, Ciudad de Corrientes, Ciudad de Salta, Ciudad de Mendoza, entre otras. <\/p>\n\n\n\n<p>El programa es financiado por la Fundaci\u00f3n alemana Konrad Adenauer Stiftung.La Red de Innovaci\u00f3n Local (RIL) es una ONG que busca contribuir a la profesionalizaci\u00f3n del sector p\u00fablico a trav\u00e9s de la conformaci\u00f3n de una red de ciudades que comparten la vocaci\u00f3n de mejora continua y la confianza en el aprendizaje entre pares, gestionando el conocimiento. La Municipalidad de San Pedro integra la red hace 3 a\u00f1os, aportando y nutri\u00e9ndose de experiencias para mejorar y transformar la administraci\u00f3n p\u00fablica municipal. <\/p>\n","protected":false},"excerpt":{"rendered":"<p>Esta semana se desarroll\u00f3 el segundo encuentro en el marco del programa \u201cEmbajadores RIL 2019\u201d, donde 15 funcionarios de distintas ciudades de la Argentina que fueron seleccionados por su liderazgo y poder de transformaci\u00f3n, trabajaron durante 2 d\u00edas con el prestigioso coach Axel Hinsch. El Director de Modernizaci\u00f3n Hern\u00e1n Contreras es uno de los elegidos [&hellip;]<\/p>\n","protected":false},"author":4,"featured_media":55370,"comment_status":"open","ping_status":"closed","sticky":false,"template":"","format":"standard","meta":{"om_disable_all_campaigns":false,"_jetpack_memberships_contains_paid_content":false,"footnotes":""},"categories":[101,2],"tags":[],"class_list":["post-55369","post","type-post","status-publish","format-standard","has-post-thumbnail","hentry","category-interes-general-locales","category-locales"],"aioseo_notices":[],"gutentor_comment":0,"jetpack_featured_media_url":"https:\/\/eldiariodesanpedro.com.ar\/sitio\/wp-content\/uploads\/2019\/06\/1-4.jpeg","jetpack_shortlink":"https:\/\/wp.me\/p6RhLt-ep3","jetpack_sharing_enabled":true,"_links":{"self":[{"href":"https:\/\/eldiariodesanpedro.com.ar\/sitio\/wp-json\/wp\/v2\/posts\/55369","targetHints":{"allow":["GET"]}}],"collection":[{"href":"https:\/\/eldiariodesanpedro.com.ar\/sitio\/wp-json\/wp\/v2\/posts"}],"about":[{"href":"https:\/\/eldiariodesanpedro.com.ar\/sitio\/wp-json\/wp\/v2\/types\/post"}],"author":[{"embeddable":true,"href":"https:\/\/eldiariodesanpedro.com.ar\/sitio\/wp-json\/wp\/v2\/users\/4"}],"replies":[{"embeddable":true,"href":"https:\/\/eldiariodesanpedro.com.ar\/sitio\/wp-json\/wp\/v2\/comments?post=55369"}],"version-history":[{"count":1,"href":"https:\/\/eldiariodesanpedro.com.ar\/sitio\/wp-json\/wp\/v2\/posts\/55369\/revisions"}],"predecessor-version":[{"id":55371,"href":"https:\/\/eldiariodesanpedro.com.ar\/sitio\/wp-json\/wp\/v2\/posts\/55369\/revisions\/55371"}],"wp:featuredmedia":[{"embeddable":true,"href":"https:\/\/eldiariodesanpedro.com.ar\/sitio\/wp-json\/wp\/v2\/media\/55370"}],"wp:attachment":[{"href":"https:\/\/eldiariodesanpedro.com.ar\/sitio\/wp-json\/wp\/v2\/media?parent=55369"}],"wp:term":[{"taxonomy":"category","embeddable":true,"href":"https:\/\/eldiariodesanpedro.com.ar\/sitio\/wp-json\/wp\/v2\/categories?post=55369"},{"taxonomy":"post_tag","embeddable":true,"href":"https:\/\/eldiariodesanpedro.com.ar\/sitio\/wp-json\/wp\/v2\/tags?post=55369"}],"curies":[{"name":"wp","href":"https:\/\/api.w.org\/{rel}","templated":true}]}}