{"id":55364,"date":"2019-06-28T12:37:52","date_gmt":"2019-06-28T15:37:52","guid":{"rendered":"https:\/\/eldiariodesanpedro.com.ar\/sitio\/?p=55364"},"modified":"2019-06-28T12:37:58","modified_gmt":"2019-06-28T15:37:58","slug":"desde-este-viernes-28-aumenta-la-garrafa-social","status":"publish","type":"post","link":"https:\/\/eldiariodesanpedro.com.ar\/sitio\/desde-este-viernes-28-aumenta-la-garrafa-social\/","title":{"rendered":"Desde este viernes 28 aumenta la garrafa social"},"content":{"rendered":"<!-- VideographyWP Plugin Message: Automatic video embedding prevented by plugin options. -->\n\n<p>El Gobierno aument\u00f3 24% el precio de la garrafa social, que subir\u00e1 a $267 desde ma\u00f1ana viernes, y fij\u00f3 un subsidio de $152 para beneficiarios de planes sociales.<\/p>\n\n\n\n<p>La medida fue dispuesta a trav\u00e9s de la resoluci\u00f3n 104\/2019 publicada en el Bolet\u00edn Oficial por la Secretar\u00eda de Energ\u00eda, que dispone que la garrafa social aumentar\u00e1 23,93% desde este viernes.<\/p>\n\n\n\n<p><strong>\u00bfCu\u00e1nto costar\u00e1?<\/strong><\/p>\n\n\n\n<p>La de diez kilos tendr\u00e1 un costo de 160,28 pesos para el sector que fracciona; 240,97 pesos para el distribuidor y 267,70 pesos para el p\u00fablico.<\/p>\n\n\n\n<p>Las garrafas de 12 kilos costar\u00e1n al p\u00fablico 321,24 pesos; para el fraccionador 192,33 y el distribuidor 289,17.<\/p>\n\n\n\n<p>La de 15 kilos tendr\u00e1 un precio al p\u00fablico de 401,55 pesos, para el fraccionador 240,42 y para el distribuidor 361,46.<\/p>\n\n\n\n<p>Seg\u00fan la resoluci\u00f3n de Energ\u00eda, el monto del subsidio para los beneficiarios del Plan Hogar ser\u00e1 de $152 por garrafa.<\/p>\n\n\n\n<p>La resoluci\u00f3n tambi\u00e9n determin\u00f3 que el precio m\u00e1ximo de referencia en planta del productor para el gas butano ser\u00e1 de 9.154 pesos por tonelada y para el gas propano, 9.042 pesos. En los fundamentos de la medida la resoluci\u00f3n sostiene que \u00aben la modificaci\u00f3n de los precios m\u00e1ximos de referencia deber\u00e1 tenerse en cuenta la protecci\u00f3n de los sectores sociales residenciales de escasos recursos, para lo cual resulta aconsejable continuar aplicando un criterio gradual en la implementaci\u00f3n de las actualizaciones de los valores, como as\u00ed tambi\u00e9n mantener un esquema de subsidio a la demanda compatible con esos fines\u00bb.<\/p>\n\n\n\n<p>Adem\u00e1s agrega que \u00abes objetivo del Estado Nacional propender a que el precio al consumidor final resulte de los reales costos econ\u00f3micos de la actividad en las distintas etapas, de manera que la prestaci\u00f3n del servicio se realice con las debidas condiciones de calidad y seguridad, siempre manteniendo la protecci\u00f3n de los usuarios vulnerables a trav\u00e9s del Programa Hogar\u00bb.<\/p>\n\n\n\n<p>El subsidio alcanza a las personas beneficiarias de programas sociales que viven en zonas sin servicio de gas natural o que no se encuentren conectados a la red de distribuci\u00f3n domiciliaria. Quienes tienen derecho al subsidio deben registrarse, a trav\u00e9s de un tr\u00e1mite on line en el ANSES, ingresando a la web del organismo y seguir los pasos que se indican. (NA)<\/p>\n","protected":false},"excerpt":{"rendered":"<p>El Gobierno aument\u00f3 24% el precio de la garrafa social, que subir\u00e1 a $267 desde ma\u00f1ana viernes, y fij\u00f3 un subsidio de $152 para beneficiarios de planes sociales. La medida fue dispuesta a trav\u00e9s de la resoluci\u00f3n 104\/2019 publicada en el Bolet\u00edn Oficial por la Secretar\u00eda de Energ\u00eda, que dispone que la garrafa social aumentar\u00e1 [&hellip;]<\/p>\n","protected":false},"author":4,"featured_media":55365,"comment_status":"open","ping_status":"closed","sticky":false,"template":"","format":"standard","meta":{"om_disable_all_campaigns":false,"_jetpack_memberships_contains_paid_content":false,"footnotes":""},"categories":[101,2],"tags":[],"class_list":["post-55364","post","type-post","status-publish","format-standard","has-post-thumbnail","hentry","category-interes-general-locales","category-locales"],"aioseo_notices":[],"gutentor_comment":0,"jetpack_featured_media_url":"https:\/\/eldiariodesanpedro.com.ar\/sitio\/wp-content\/uploads\/2019\/06\/f800x450-205558_257004_17.jpg","jetpack_shortlink":"https:\/\/wp.me\/p6RhLt-eoY","jetpack_sharing_enabled":true,"_links":{"self":[{"href":"https:\/\/eldiariodesanpedro.com.ar\/sitio\/wp-json\/wp\/v2\/posts\/55364","targetHints":{"allow":["GET"]}}],"collection":[{"href":"https:\/\/eldiariodesanpedro.com.ar\/sitio\/wp-json\/wp\/v2\/posts"}],"about":[{"href":"https:\/\/eldiariodesanpedro.com.ar\/sitio\/wp-json\/wp\/v2\/types\/post"}],"author":[{"embeddable":true,"href":"https:\/\/eldiariodesanpedro.com.ar\/sitio\/wp-json\/wp\/v2\/users\/4"}],"replies":[{"embeddable":true,"href":"https:\/\/eldiariodesanpedro.com.ar\/sitio\/wp-json\/wp\/v2\/comments?post=55364"}],"version-history":[{"count":1,"href":"https:\/\/eldiariodesanpedro.com.ar\/sitio\/wp-json\/wp\/v2\/posts\/55364\/revisions"}],"predecessor-version":[{"id":55366,"href":"https:\/\/eldiariodesanpedro.com.ar\/sitio\/wp-json\/wp\/v2\/posts\/55364\/revisions\/55366"}],"wp:featuredmedia":[{"embeddable":true,"href":"https:\/\/eldiariodesanpedro.com.ar\/sitio\/wp-json\/wp\/v2\/media\/55365"}],"wp:attachment":[{"href":"https:\/\/eldiariodesanpedro.com.ar\/sitio\/wp-json\/wp\/v2\/media?parent=55364"}],"wp:term":[{"taxonomy":"category","embeddable":true,"href":"https:\/\/eldiariodesanpedro.com.ar\/sitio\/wp-json\/wp\/v2\/categories?post=55364"},{"taxonomy":"post_tag","embeddable":true,"href":"https:\/\/eldiariodesanpedro.com.ar\/sitio\/wp-json\/wp\/v2\/tags?post=55364"}],"curies":[{"name":"wp","href":"https:\/\/api.w.org\/{rel}","templated":true}]}}