{"id":55361,"date":"2019-06-28T12:25:47","date_gmt":"2019-06-28T15:25:47","guid":{"rendered":"https:\/\/eldiariodesanpedro.com.ar\/sitio\/?p=55361"},"modified":"2019-06-28T12:25:51","modified_gmt":"2019-06-28T15:25:51","slug":"baradero-el-9-de-julio-se-festejara-la-11-fiesta-del-locro-y-la-empanada-en-alsina","status":"publish","type":"post","link":"https:\/\/eldiariodesanpedro.com.ar\/sitio\/baradero-el-9-de-julio-se-festejara-la-11-fiesta-del-locro-y-la-empanada-en-alsina\/","title":{"rendered":"BARADERO: El 9 de julio se festejar\u00e1 la 11\u00b0 Fiesta del Locro y la Empanada en Alsina"},"content":{"rendered":"<!-- VideographyWP Plugin Message: Automatic video embedding prevented by plugin options. -->\n\n<p>Con la organizaci\u00f3n del comprometido grupo de trabajo de los vecinos alsineros y la Municipalidad de Baradero mediante la Secretar\u00eda de Cultura, Turismo, Educaci\u00f3n y Deporte se realizar\u00e1 el martes 9 de julio la und\u00e9cima edici\u00f3n de la Fiesta del Locro y la Empanada para conmemorar los 203\u00b0 a\u00f1os de la independencia de nuestro pa\u00eds.<\/p>\n\n\n\n<p>\u00a1El D\u00eda de la Independencia se festeja en Alsina! El evento que se instala a\u00f1o tras a\u00f1o en un pueblo lleno de historias nos traer\u00e1 propuestas muy interesantes, principalmente, en la gastronom\u00eda donde podremos degustar las comidas tradicionales como el locro y la empanada; y la presencia de food trucks con destacada variedad en gastronom\u00eda. Adem\u00e1s, se estar\u00e1n presentes los bailes tradicionales alusivos a la fecha y la presencia de n\u00fameros musicales que brindar\u00e1n un espect\u00e1culo formidable.<\/p>\n\n\n\n<p>La Feria de Artesanos ocupar\u00e1n un lugar muy importante en la fiesta, como todos los a\u00f1os, comercializando sus productos de alta calidad totalmente artesanales.<\/p>\n\n\n\n<p>El escenario principal de la Fiesta del Locro y la Empanada ser\u00e1 la Estaci\u00f3n de Alsina (RN\u00b09 KM 127) y comenzar\u00e1 durante la ma\u00f1ana con el acto protocolar de lo 203\u00b0 a\u00f1os de la Declaraci\u00f3n de la Independencia Argentina a las 10:30 horas, para luego, dar comienzo a la prometedora y tradicional jornada.<\/p>\n\n\n\n<p>\u00a1No te olvides de llevar reposeras! \u00a1Te esperamos en el hermoso pueblo de Villa Alsina para pasar un gran d\u00eda junto a familia y amigos!<\/p>\n\n\n\n<p>Fuente: Baradero Hoy<\/p>\n","protected":false},"excerpt":{"rendered":"<p>Con la organizaci\u00f3n del comprometido grupo de trabajo de los vecinos alsineros y la Municipalidad de Baradero mediante la Secretar\u00eda de Cultura, Turismo, Educaci\u00f3n y Deporte se realizar\u00e1 el martes 9 de julio la und\u00e9cima edici\u00f3n de la Fiesta del Locro y la Empanada para conmemorar los 203\u00b0 a\u00f1os de la independencia de nuestro pa\u00eds. [&hellip;]<\/p>\n","protected":false},"author":4,"featured_media":55362,"comment_status":"open","ping_status":"closed","sticky":false,"template":"","format":"standard","meta":{"om_disable_all_campaigns":false,"_jetpack_memberships_contains_paid_content":false,"footnotes":""},"categories":[621],"tags":[],"class_list":["post-55361","post","type-post","status-publish","format-standard","has-post-thumbnail","hentry","category-regionales"],"aioseo_notices":[],"gutentor_comment":0,"jetpack_featured_media_url":"https:\/\/eldiariodesanpedro.com.ar\/sitio\/wp-content\/uploads\/2019\/06\/7-640x480-3.jpg","jetpack_shortlink":"https:\/\/wp.me\/p6RhLt-eoV","jetpack_sharing_enabled":true,"_links":{"self":[{"href":"https:\/\/eldiariodesanpedro.com.ar\/sitio\/wp-json\/wp\/v2\/posts\/55361","targetHints":{"allow":["GET"]}}],"collection":[{"href":"https:\/\/eldiariodesanpedro.com.ar\/sitio\/wp-json\/wp\/v2\/posts"}],"about":[{"href":"https:\/\/eldiariodesanpedro.com.ar\/sitio\/wp-json\/wp\/v2\/types\/post"}],"author":[{"embeddable":true,"href":"https:\/\/eldiariodesanpedro.com.ar\/sitio\/wp-json\/wp\/v2\/users\/4"}],"replies":[{"embeddable":true,"href":"https:\/\/eldiariodesanpedro.com.ar\/sitio\/wp-json\/wp\/v2\/comments?post=55361"}],"version-history":[{"count":1,"href":"https:\/\/eldiariodesanpedro.com.ar\/sitio\/wp-json\/wp\/v2\/posts\/55361\/revisions"}],"predecessor-version":[{"id":55363,"href":"https:\/\/eldiariodesanpedro.com.ar\/sitio\/wp-json\/wp\/v2\/posts\/55361\/revisions\/55363"}],"wp:featuredmedia":[{"embeddable":true,"href":"https:\/\/eldiariodesanpedro.com.ar\/sitio\/wp-json\/wp\/v2\/media\/55362"}],"wp:attachment":[{"href":"https:\/\/eldiariodesanpedro.com.ar\/sitio\/wp-json\/wp\/v2\/media?parent=55361"}],"wp:term":[{"taxonomy":"category","embeddable":true,"href":"https:\/\/eldiariodesanpedro.com.ar\/sitio\/wp-json\/wp\/v2\/categories?post=55361"},{"taxonomy":"post_tag","embeddable":true,"href":"https:\/\/eldiariodesanpedro.com.ar\/sitio\/wp-json\/wp\/v2\/tags?post=55361"}],"curies":[{"name":"wp","href":"https:\/\/api.w.org\/{rel}","templated":true}]}}