{"id":55357,"date":"2019-06-28T12:22:59","date_gmt":"2019-06-28T15:22:59","guid":{"rendered":"https:\/\/eldiariodesanpedro.com.ar\/sitio\/?p=55357"},"modified":"2019-06-28T12:23:03","modified_gmt":"2019-06-28T15:23:03","slug":"zarate-dictan-la-conciliacion-obligatoria-por-los-despidos-en-la-obra-nuclear-carem","status":"publish","type":"post","link":"https:\/\/eldiariodesanpedro.com.ar\/sitio\/zarate-dictan-la-conciliacion-obligatoria-por-los-despidos-en-la-obra-nuclear-carem\/","title":{"rendered":"Z\u00c1RATE: Dictan la conciliaci\u00f3n obligatoria por los despidos en la obra nuclear Carem"},"content":{"rendered":"<!-- VideographyWP Plugin Message: Automatic video embedding prevented by plugin options. -->\n\n<p>Tras horas de acampe en Z\u00e1rate, los trabajadores de la construcci\u00f3n lograron la intervenci\u00f3n de la secretar\u00eda de Trabajo.<\/p>\n\n\n\n<p>La secretar\u00eda de Trabajo dict\u00f3 la conciliaci\u00f3n obligatoria y determin\u00f3 la reincorporaci\u00f3n -al menos de forma provisoria-&nbsp;de los 130 trabajadores del&nbsp;desarrollo nuclear de la&nbsp;<strong>Central Argentina de Elementos Modulados (CAREM)&nbsp;<\/strong>de&nbsp;<strong>Z\u00e1rate<\/strong>&nbsp;que hab\u00edan sido&nbsp;despedidos luego de que la empresa&nbsp;<strong>Tecna<\/strong>comunicara que no puede continuar con la obra por falta de un acuerdo con la&nbsp;<strong>Comisi\u00f3n Nacional de Energ\u00eda At\u00f3mica (CONEA)<\/strong>&nbsp;por la refinanciaci\u00f3n de la construcci\u00f3n tras la suba del&nbsp;<strong>d\u00f3lar.&nbsp;<\/strong><\/p>\n\n\n\n<p>\u00abPor la suspensi\u00f3n del proyecto&nbsp;<strong>Carem<\/strong>&nbsp;despidieron a 130 trabajadores. Nos vamos a quedar acampando en la ruta hasta que nos den una soluci\u00f3n\u00bb, hab\u00eda afirmado desde la rotonda de acceso&nbsp;el Secretario General de la Uni\u00f3n Obrera de la Construcci\u00f3n de<strong>&nbsp;Z\u00e1rate, Julio Gonz\u00e1lez.&nbsp;<\/strong><\/p>\n\n\n\n<p>La paralizaci\u00f3n de la obra se suma&nbsp;<strong>al abandono de la construcci\u00f3n de la central Atucha III,<\/strong>&nbsp;en tiempos en los que Argentina atraviesa una crisis energ\u00e9tica que llev\u00f3 a un apag\u00f3n total de electricidad&nbsp;por m\u00e1s de 12 horas.&nbsp;<\/p>\n\n\n\n<p>\u00abLa obra se negoci\u00f3 en 2016 con un d\u00f3lar a 16&nbsp; y hoy hay un d\u00f3lar a 45 pesos. La empresa Tecna pide 250 millones de pesos extra por la devaluaci\u00f3n, pero&nbsp;<strong><em>Conea<\/em><\/strong>&nbsp;no se los otorga. La construcci\u00f3n&nbsp;est\u00e1 en un 40 por ciento: en etapa de&nbsp;obra civil y falta pasar a lo mec\u00e1nico\u201d, sostuvo en una entrevista con El Destape<strong>&nbsp;Lucas Castiglioni<\/strong>, concejal del bloque de&nbsp;Unidad Ciudadana en&nbsp;<strong>Z\u00e1rate.&nbsp;<\/strong><\/p>\n\n\n\n<p>Hace un mes, los trabajadores hab\u00edan sido suspendidos por la paralizaci\u00f3n y ahora fueron despedidos por la empresa que les hab\u00eda hecho contratos temporales.<strong>&nbsp;Tecna<\/strong>&nbsp;tiene en su grupo inversor a parte de Isolux, que est\u00e1 involucrada en&nbsp;una causa judicial por la construcci\u00f3n de dos parques e\u00f3licos que luego quedaron en manos de firmas vinculadas a la familia&nbsp;<strong>Macri.&nbsp;<\/strong><\/p>\n\n\n\n<p>La construcci\u00f3n de Z\u00e1rate ten\u00eda 83 empleados de la construcci\u00f3n y el resto se divid\u00eda en personal que prestaba servicios como maestranza, seguridad y gastronom\u00eda.&nbsp;<\/p>\n\n\n\n<p><strong>Fuente:&nbsp;<\/strong>Noticias Z\u00e1rate Alerta&nbsp;<\/p>\n","protected":false},"excerpt":{"rendered":"<p>Tras horas de acampe en Z\u00e1rate, los trabajadores de la construcci\u00f3n lograron la intervenci\u00f3n de la secretar\u00eda de Trabajo. La secretar\u00eda de Trabajo dict\u00f3 la conciliaci\u00f3n obligatoria y determin\u00f3 la reincorporaci\u00f3n -al menos de forma provisoria-&nbsp;de los 130 trabajadores del&nbsp;desarrollo nuclear de la&nbsp;Central Argentina de Elementos Modulados (CAREM)&nbsp;de&nbsp;Z\u00e1rate&nbsp;que hab\u00edan sido&nbsp;despedidos luego de que la empresa&nbsp;Tecnacomunicara [&hellip;]<\/p>\n","protected":false},"author":4,"featured_media":55358,"comment_status":"open","ping_status":"closed","sticky":false,"template":"","format":"standard","meta":{"om_disable_all_campaigns":false,"_jetpack_memberships_contains_paid_content":false,"footnotes":""},"categories":[621],"tags":[],"class_list":["post-55357","post","type-post","status-publish","format-standard","has-post-thumbnail","hentry","category-regionales"],"aioseo_notices":[],"gutentor_comment":0,"jetpack_featured_media_url":"https:\/\/eldiariodesanpedro.com.ar\/sitio\/wp-content\/uploads\/2019\/06\/atucha-tapa.jpg","jetpack_shortlink":"https:\/\/wp.me\/p6RhLt-eoR","jetpack_sharing_enabled":true,"_links":{"self":[{"href":"https:\/\/eldiariodesanpedro.com.ar\/sitio\/wp-json\/wp\/v2\/posts\/55357","targetHints":{"allow":["GET"]}}],"collection":[{"href":"https:\/\/eldiariodesanpedro.com.ar\/sitio\/wp-json\/wp\/v2\/posts"}],"about":[{"href":"https:\/\/eldiariodesanpedro.com.ar\/sitio\/wp-json\/wp\/v2\/types\/post"}],"author":[{"embeddable":true,"href":"https:\/\/eldiariodesanpedro.com.ar\/sitio\/wp-json\/wp\/v2\/users\/4"}],"replies":[{"embeddable":true,"href":"https:\/\/eldiariodesanpedro.com.ar\/sitio\/wp-json\/wp\/v2\/comments?post=55357"}],"version-history":[{"count":1,"href":"https:\/\/eldiariodesanpedro.com.ar\/sitio\/wp-json\/wp\/v2\/posts\/55357\/revisions"}],"predecessor-version":[{"id":55359,"href":"https:\/\/eldiariodesanpedro.com.ar\/sitio\/wp-json\/wp\/v2\/posts\/55357\/revisions\/55359"}],"wp:featuredmedia":[{"embeddable":true,"href":"https:\/\/eldiariodesanpedro.com.ar\/sitio\/wp-json\/wp\/v2\/media\/55358"}],"wp:attachment":[{"href":"https:\/\/eldiariodesanpedro.com.ar\/sitio\/wp-json\/wp\/v2\/media?parent=55357"}],"wp:term":[{"taxonomy":"category","embeddable":true,"href":"https:\/\/eldiariodesanpedro.com.ar\/sitio\/wp-json\/wp\/v2\/categories?post=55357"},{"taxonomy":"post_tag","embeddable":true,"href":"https:\/\/eldiariodesanpedro.com.ar\/sitio\/wp-json\/wp\/v2\/tags?post=55357"}],"curies":[{"name":"wp","href":"https:\/\/api.w.org\/{rel}","templated":true}]}}