{"id":55351,"date":"2019-06-28T12:02:06","date_gmt":"2019-06-28T15:02:06","guid":{"rendered":"https:\/\/eldiariodesanpedro.com.ar\/sitio\/?p=55351"},"modified":"2019-06-28T12:07:00","modified_gmt":"2019-06-28T15:07:00","slug":"violento-robo-un-menor-delincuente-agredio-a-una-mujer-causandole-un-traumatismo-en-el-rostro","status":"publish","type":"post","link":"https:\/\/eldiariodesanpedro.com.ar\/sitio\/violento-robo-un-menor-delincuente-agredio-a-una-mujer-causandole-un-traumatismo-en-el-rostro\/","title":{"rendered":"Violento Robo: Un menor delincuente agredi\u00f3 a una mujer caus\u00e1ndole un traumatismo en el rostro"},"content":{"rendered":"<!-- VideographyWP Plugin Message: Automatic video embedding prevented by plugin options. -->\n\n<p>El malviviente de 16 a\u00f1os de edad golpe\u00f3 a una joven empleada de un comercio de ropa al robarle su celular. Cabe destacar que el delincuente anteriormente se encontraba en un instituto de contenci\u00f3n de la Plata donde estuvo detenido varios meses por distintos hechos de robos agravados contra la propiedad y las personas acaecidos en esta ciudad. Fue puesto en libertad recientemente y aprehendido nuevamente tras r\u00e1pido accionar policial.<\/p>\n\n\n\n<p> Otro hecho de violencia e impunidad a plena luz del d\u00eda se percibi\u00f3 en las calles de nuestra ciudad, esta vez en la zona c\u00e9ntrica.<\/p>\n\n\n\n<p>Casi en horas del mediod\u00eda la polic\u00eda es alertada en intersecci\u00f3n de las calles Pellegrini y Obligado, alli logra la aprehension de un  joven delincuente de frondosos antecedentes, quien  instantes antes sustrajo del interior de un local de ventas de ropas un tel\u00e9fono celular.<\/p>\n\n\n\n<p>Alli la victima, siendo empleada del comercio intentar evitar el hecho  cuando es agredida f\u00edsicamente por el peligroso menor de edad.<\/p>\n\n\n\n<p>Como consecuencia la joven sufri\u00f3 un violento traumatismo en el rostro que requiri\u00f3 su asistencia en el Hospital local.<\/p>\n\n\n\n<p>El aprehendido se encuentra demorado a disposici\u00f3n de la fiscal\u00eda juvenil de San Nicolas, a espera de directivas. <\/p>\n\n\n\n<p>Cabe destacar que hace pocos d\u00edas atr\u00e1s, fue puesto de libertad del Instituto de Contenci\u00f3n de La Plata, donde estuvo detenido varios meses por distintos  hechos de robos agravados contra la propiedad y las personas acaecidos en esta ciudad.<\/p>\n\n\n\n<p>Se recupero el elemento robado:<\/p>\n\n\n\n<figure class=\"wp-block-image\"><img decoding=\"async\" width=\"1032\" height=\"774\" data-attachment-id=\"55352\" data-permalink=\"https:\/\/eldiariodesanpedro.com.ar\/sitio\/violento-robo-un-menor-delincuente-agredio-a-una-mujer-causandole-un-traumatismo-en-el-rostro\/whatsapp-image-2019-06-28-at-11-35-58-am\/\" data-orig-file=\"https:\/\/eldiariodesanpedro.com.ar\/sitio\/wp-content\/uploads\/2019\/06\/WhatsApp-Image-2019-06-28-at-11.35.58-AM.jpeg\" data-orig-size=\"1032,774\" data-comments-opened=\"1\" data-image-meta=\"{&quot;aperture&quot;:&quot;0&quot;,&quot;credit&quot;:&quot;&quot;,&quot;camera&quot;:&quot;&quot;,&quot;caption&quot;:&quot;&quot;,&quot;created_timestamp&quot;:&quot;0&quot;,&quot;copyright&quot;:&quot;&quot;,&quot;focal_length&quot;:&quot;0&quot;,&quot;iso&quot;:&quot;0&quot;,&quot;shutter_speed&quot;:&quot;0&quot;,&quot;title&quot;:&quot;&quot;,&quot;orientation&quot;:&quot;0&quot;}\" data-image-title=\"WhatsApp Image 2019-06-28 at 11.35.58 AM\" data-image-description=\"\" data-image-caption=\"\" data-large-file=\"https:\/\/eldiariodesanpedro.com.ar\/sitio\/wp-content\/uploads\/2019\/06\/WhatsApp-Image-2019-06-28-at-11.35.58-AM-1024x768.jpeg\" data-src=\"https:\/\/i1.wp.com\/eldiariodesanpedro.com.ar\/sitio\/wp-content\/uploads\/2019\/06\/WhatsApp-Image-2019-06-28-at-11.35.58-AM.jpeg?fit=660%2C495\" alt=\"\" class=\"wp-image-55352 lazyload\" data-srcset=\"https:\/\/eldiariodesanpedro.com.ar\/sitio\/wp-content\/uploads\/2019\/06\/WhatsApp-Image-2019-06-28-at-11.35.58-AM.jpeg 1032w, https:\/\/eldiariodesanpedro.com.ar\/sitio\/wp-content\/uploads\/2019\/06\/WhatsApp-Image-2019-06-28-at-11.35.58-AM-300x225.jpeg 300w, https:\/\/eldiariodesanpedro.com.ar\/sitio\/wp-content\/uploads\/2019\/06\/WhatsApp-Image-2019-06-28-at-11.35.58-AM-768x576.jpeg 768w, https:\/\/eldiariodesanpedro.com.ar\/sitio\/wp-content\/uploads\/2019\/06\/WhatsApp-Image-2019-06-28-at-11.35.58-AM-1024x768.jpeg 1024w\" data-sizes=\"(max-width: 1032px) 100vw, 1032px\" src=\"data:image\/svg+xml;base64,PHN2ZyB3aWR0aD0iMSIgaGVpZ2h0PSIxIiB4bWxucz0iaHR0cDovL3d3dy53My5vcmcvMjAwMC9zdmciPjwvc3ZnPg==\" style=\"--smush-placeholder-width: 1032px; --smush-placeholder-aspect-ratio: 1032\/774;\" \/><\/figure>\n","protected":false},"excerpt":{"rendered":"<p>El malviviente de 16 a\u00f1os de edad golpe\u00f3 a una joven empleada de un comercio de ropa al robarle su celular. Cabe destacar que el delincuente anteriormente se encontraba en un instituto de contenci\u00f3n de la Plata donde estuvo detenido varios meses por distintos hechos de robos agravados contra la propiedad y las personas acaecidos [&hellip;]<\/p>\n","protected":false},"author":4,"featured_media":55353,"comment_status":"open","ping_status":"closed","sticky":false,"template":"","format":"standard","meta":{"om_disable_all_campaigns":false,"_jetpack_memberships_contains_paid_content":false,"footnotes":""},"categories":[50,2,103],"tags":[],"class_list":["post-55351","post","type-post","status-publish","format-standard","has-post-thumbnail","hentry","category-destacadas","category-locales","category-policiales-locales"],"aioseo_notices":[],"gutentor_comment":0,"jetpack_featured_media_url":"https:\/\/eldiariodesanpedro.com.ar\/sitio\/wp-content\/uploads\/2019\/06\/WhatsApp-Image-2019-06-28-at-11.47.25-AM.jpeg","jetpack_shortlink":"https:\/\/wp.me\/p6RhLt-eoL","jetpack_sharing_enabled":true,"_links":{"self":[{"href":"https:\/\/eldiariodesanpedro.com.ar\/sitio\/wp-json\/wp\/v2\/posts\/55351","targetHints":{"allow":["GET"]}}],"collection":[{"href":"https:\/\/eldiariodesanpedro.com.ar\/sitio\/wp-json\/wp\/v2\/posts"}],"about":[{"href":"https:\/\/eldiariodesanpedro.com.ar\/sitio\/wp-json\/wp\/v2\/types\/post"}],"author":[{"embeddable":true,"href":"https:\/\/eldiariodesanpedro.com.ar\/sitio\/wp-json\/wp\/v2\/users\/4"}],"replies":[{"embeddable":true,"href":"https:\/\/eldiariodesanpedro.com.ar\/sitio\/wp-json\/wp\/v2\/comments?post=55351"}],"version-history":[{"count":2,"href":"https:\/\/eldiariodesanpedro.com.ar\/sitio\/wp-json\/wp\/v2\/posts\/55351\/revisions"}],"predecessor-version":[{"id":55355,"href":"https:\/\/eldiariodesanpedro.com.ar\/sitio\/wp-json\/wp\/v2\/posts\/55351\/revisions\/55355"}],"wp:featuredmedia":[{"embeddable":true,"href":"https:\/\/eldiariodesanpedro.com.ar\/sitio\/wp-json\/wp\/v2\/media\/55353"}],"wp:attachment":[{"href":"https:\/\/eldiariodesanpedro.com.ar\/sitio\/wp-json\/wp\/v2\/media?parent=55351"}],"wp:term":[{"taxonomy":"category","embeddable":true,"href":"https:\/\/eldiariodesanpedro.com.ar\/sitio\/wp-json\/wp\/v2\/categories?post=55351"},{"taxonomy":"post_tag","embeddable":true,"href":"https:\/\/eldiariodesanpedro.com.ar\/sitio\/wp-json\/wp\/v2\/tags?post=55351"}],"curies":[{"name":"wp","href":"https:\/\/api.w.org\/{rel}","templated":true}]}}