{"id":5535,"date":"2016-06-16T17:46:11","date_gmt":"2016-06-16T20:46:11","guid":{"rendered":"https:\/\/eldiariodesanpedro.com.ar\/sitio\/?p=5535"},"modified":"2016-06-16T17:46:11","modified_gmt":"2016-06-16T20:46:11","slug":"actividades-para-el-fin-de-semana-en-san-pedro-2","status":"publish","type":"post","link":"https:\/\/eldiariodesanpedro.com.ar\/sitio\/actividades-para-el-fin-de-semana-en-san-pedro-2\/","title":{"rendered":"Actividades para el fin de semana en San Pedro"},"content":{"rendered":"<p><!-- VideographyWP Plugin Message: Automatic video embedding prevented by plugin options. --><br \/>\nOrganizada por la Direcci\u00f3n de Cultura y la Direcci\u00f3n de Turismo, este s\u00e1bado 18 y domingo 19 de junio en la plaza Constituci\u00f3n, a partir de las 15.00, se desarrollar\u00e1 la Fiesta \u00abTango y Folclore: Esperando el 20\u00bb.<br \/>\nDurante los dos d\u00edas habr\u00e1 escenario y se presentar\u00e1n: Mat\u00edas M\u00e1rsico, Joselito Fermani, Los Surys, Ra\u00edces del Chamam\u00e9, Los Hermanos Krenz y Pasi\u00f3n por el Tango. Tambi\u00e9n se contar\u00e1 con la participaci\u00f3n del profesor de Danzas Folcl\u00f3ricas Rodrigo Ricabarra, quien dar\u00e1 una clase abierta para todo aquel que desee participar. Asimismo, habr\u00e1 asador criollo y feria.<br \/>\nEl 20 de junio, por su parte, en la explanada del Buque Museo Ara Irigoyen, se llevar\u00e1 a cabo una demostraci\u00f3n de reposter\u00eda a cargo del Instituto de Formaci\u00f3n T\u00e9cnica N\u00b0 118. La misma se realizar\u00e1 a partir de las 14.00 y se invita a todos los que quieran acercarse a la degustaci\u00f3n.<\/p>\n","protected":false},"excerpt":{"rendered":"<p>Organizada por la Direcci\u00f3n de Cultura y la Direcci\u00f3n de Turismo, este s\u00e1bado 18 y domingo 19 de junio en la plaza Constituci\u00f3n, a partir de las 15.00, se desarrollar\u00e1 la Fiesta \u00abTango y Folclore: Esperando el 20\u00bb. Durante los dos d\u00edas habr\u00e1 escenario y se presentar\u00e1n: Mat\u00edas M\u00e1rsico, Joselito Fermani, Los Surys, Ra\u00edces del [&hellip;]<\/p>\n","protected":false},"author":4,"featured_media":5536,"comment_status":"open","ping_status":"closed","sticky":false,"template":"","format":"standard","meta":{"om_disable_all_campaigns":false,"_jetpack_memberships_contains_paid_content":false,"footnotes":""},"categories":[101,2],"tags":[],"class_list":["post-5535","post","type-post","status-publish","format-standard","has-post-thumbnail","hentry","category-interes-general-locales","category-locales"],"aioseo_notices":[],"gutentor_comment":0,"jetpack_featured_media_url":"https:\/\/eldiariodesanpedro.com.ar\/sitio\/wp-content\/uploads\/2016\/06\/dsc05876_0.jpg","jetpack_shortlink":"https:\/\/wp.me\/p6RhLt-1rh","jetpack_sharing_enabled":true,"_links":{"self":[{"href":"https:\/\/eldiariodesanpedro.com.ar\/sitio\/wp-json\/wp\/v2\/posts\/5535","targetHints":{"allow":["GET"]}}],"collection":[{"href":"https:\/\/eldiariodesanpedro.com.ar\/sitio\/wp-json\/wp\/v2\/posts"}],"about":[{"href":"https:\/\/eldiariodesanpedro.com.ar\/sitio\/wp-json\/wp\/v2\/types\/post"}],"author":[{"embeddable":true,"href":"https:\/\/eldiariodesanpedro.com.ar\/sitio\/wp-json\/wp\/v2\/users\/4"}],"replies":[{"embeddable":true,"href":"https:\/\/eldiariodesanpedro.com.ar\/sitio\/wp-json\/wp\/v2\/comments?post=5535"}],"version-history":[{"count":1,"href":"https:\/\/eldiariodesanpedro.com.ar\/sitio\/wp-json\/wp\/v2\/posts\/5535\/revisions"}],"predecessor-version":[{"id":5537,"href":"https:\/\/eldiariodesanpedro.com.ar\/sitio\/wp-json\/wp\/v2\/posts\/5535\/revisions\/5537"}],"wp:featuredmedia":[{"embeddable":true,"href":"https:\/\/eldiariodesanpedro.com.ar\/sitio\/wp-json\/wp\/v2\/media\/5536"}],"wp:attachment":[{"href":"https:\/\/eldiariodesanpedro.com.ar\/sitio\/wp-json\/wp\/v2\/media?parent=5535"}],"wp:term":[{"taxonomy":"category","embeddable":true,"href":"https:\/\/eldiariodesanpedro.com.ar\/sitio\/wp-json\/wp\/v2\/categories?post=5535"},{"taxonomy":"post_tag","embeddable":true,"href":"https:\/\/eldiariodesanpedro.com.ar\/sitio\/wp-json\/wp\/v2\/tags?post=5535"}],"curies":[{"name":"wp","href":"https:\/\/api.w.org\/{rel}","templated":true}]}}