{"id":55346,"date":"2019-06-28T12:20:19","date_gmt":"2019-06-28T15:20:19","guid":{"rendered":"https:\/\/eldiariodesanpedro.com.ar\/sitio\/?p=55346"},"modified":"2019-06-28T12:41:01","modified_gmt":"2019-06-28T15:41:01","slug":"ramallo-cayo-la-tucumana-en-operativo-antidroga","status":"publish","type":"post","link":"https:\/\/eldiariodesanpedro.com.ar\/sitio\/ramallo-cayo-la-tucumana-en-operativo-antidroga\/","title":{"rendered":"RAMALLO: Cay\u00f3 \u00abla Tucumana\u00bb en operativo antidroga"},"content":{"rendered":"<!-- VideographyWP Plugin Message: Automatic video embedding prevented by plugin options. -->\n\n<p>Una mujer fue detenida tras un operativo de la Polic\u00eda Bonaerense, denominado \u201cGlobo Blanco\u201d, en la ciudad de Ramallo. Fue en la tarde del d\u00eda martes 25 de junio, en una vivienda de calle Juan B. Justo al 1300.<\/p>\n\n\n\n<p>Participaron del allanamiento personal de la Departamental de Investigaciones del tr\u00e1fico de Drogas il\u00edcitas y Crimen organizado San Nicol\u00e1s con el Apoyo de DDI Ramallo y Comisaria Primera, con resultados positivos.<\/p>\n\n\n\n<p>La mujer, mayor de edad, era conocida como \u201cla Tucumana\u201d, y llevaba meses comercializando estupefacientes en su domicilio particular. Para la polic\u00eda este lugar estaba se\u00f1alizado como \u201cPunto de Venta de Material de Estupefaciente\u201d.<\/p>\n\n\n\n<p>Las tareas investigativas comenzaron desde los primeros meses del a\u00f1o, cuando se\u00f1alaron a una mujer, apodada \u201cla Tucumana\u201d como la responsable de comercializar drogas en su domicilio particular. Distintas tareas investigativas permitieron establecer que la mujer ocultaba la sustancia en el interior de globos que eran ocultados en lugares de dif\u00edcil acceso.<\/p>\n\n\n\n<p>El domicilio fue varias veces allanado con anterioridad todos con resultados negativos, lo que gener\u00f3&nbsp; que la investigaci\u00f3n pusiera sus ojos en el \u201cmodus operandi\u201d en que esta mujer ocultaba las drogas. En esta \u00faltima oportunidad se realiz\u00f3 un minucioso registro procediendo a secuestrar coca\u00edna en trozos compactos y polvorienta lista para la venta como as\u00ed tambi\u00e9n elemento para el estirado de la droga, dinero en efectivo y tel\u00e9fonos celulares.<\/p>\n\n\n\n<p>El Fiscal Interviniente, Dr. Patricio M\u00fagica D\u00edaz dispuso la aprehensi\u00f3n de \u00abLa Tucumana\u00bb por el delito de tenencia de estupefacientes y fue trasladada a sede policial a la espera de ser indagada por la Fiscal\u00eda.<\/p>\n\n\n\n<p>Fuente: Ramallo Informa<\/p>\n","protected":false},"excerpt":{"rendered":"<p>Una mujer fue detenida tras un operativo de la Polic\u00eda Bonaerense, denominado \u201cGlobo Blanco\u201d, en la ciudad de Ramallo. Fue en la tarde del d\u00eda martes 25 de junio, en una vivienda de calle Juan B. Justo al 1300. Participaron del allanamiento personal de la Departamental de Investigaciones del tr\u00e1fico de Drogas il\u00edcitas y Crimen [&hellip;]<\/p>\n","protected":false},"author":4,"featured_media":55368,"comment_status":"open","ping_status":"closed","sticky":false,"template":"","format":"standard","meta":{"om_disable_all_campaigns":false,"_jetpack_memberships_contains_paid_content":false,"footnotes":""},"categories":[621],"tags":[],"class_list":["post-55346","post","type-post","status-publish","format-standard","has-post-thumbnail","hentry","category-regionales"],"aioseo_notices":[],"gutentor_comment":0,"jetpack_featured_media_url":"https:\/\/eldiariodesanpedro.com.ar\/sitio\/wp-content\/uploads\/2019\/06\/bbx_650329358_1_policiales__1_.jpeg","jetpack_shortlink":"https:\/\/wp.me\/p6RhLt-eoG","jetpack_sharing_enabled":true,"_links":{"self":[{"href":"https:\/\/eldiariodesanpedro.com.ar\/sitio\/wp-json\/wp\/v2\/posts\/55346","targetHints":{"allow":["GET"]}}],"collection":[{"href":"https:\/\/eldiariodesanpedro.com.ar\/sitio\/wp-json\/wp\/v2\/posts"}],"about":[{"href":"https:\/\/eldiariodesanpedro.com.ar\/sitio\/wp-json\/wp\/v2\/types\/post"}],"author":[{"embeddable":true,"href":"https:\/\/eldiariodesanpedro.com.ar\/sitio\/wp-json\/wp\/v2\/users\/4"}],"replies":[{"embeddable":true,"href":"https:\/\/eldiariodesanpedro.com.ar\/sitio\/wp-json\/wp\/v2\/comments?post=55346"}],"version-history":[{"count":1,"href":"https:\/\/eldiariodesanpedro.com.ar\/sitio\/wp-json\/wp\/v2\/posts\/55346\/revisions"}],"predecessor-version":[{"id":55356,"href":"https:\/\/eldiariodesanpedro.com.ar\/sitio\/wp-json\/wp\/v2\/posts\/55346\/revisions\/55356"}],"wp:featuredmedia":[{"embeddable":true,"href":"https:\/\/eldiariodesanpedro.com.ar\/sitio\/wp-json\/wp\/v2\/media\/55368"}],"wp:attachment":[{"href":"https:\/\/eldiariodesanpedro.com.ar\/sitio\/wp-json\/wp\/v2\/media?parent=55346"}],"wp:term":[{"taxonomy":"category","embeddable":true,"href":"https:\/\/eldiariodesanpedro.com.ar\/sitio\/wp-json\/wp\/v2\/categories?post=55346"},{"taxonomy":"post_tag","embeddable":true,"href":"https:\/\/eldiariodesanpedro.com.ar\/sitio\/wp-json\/wp\/v2\/tags?post=55346"}],"curies":[{"name":"wp","href":"https:\/\/api.w.org\/{rel}","templated":true}]}}