{"id":55343,"date":"2019-06-28T11:04:14","date_gmt":"2019-06-28T14:04:14","guid":{"rendered":"https:\/\/eldiariodesanpedro.com.ar\/sitio\/?p=55343"},"modified":"2019-06-28T11:04:19","modified_gmt":"2019-06-28T14:04:19","slug":"san-nicolas-declaran-interes-municipal-de-las-audiencias-publicas-en-la-causa-saint-amant-iii","status":"publish","type":"post","link":"https:\/\/eldiariodesanpedro.com.ar\/sitio\/san-nicolas-declaran-interes-municipal-de-las-audiencias-publicas-en-la-causa-saint-amant-iii\/","title":{"rendered":"SAN NICOL\u00c1S: Declaran \u00abInter\u00e9s Municipal\u00bb de las audiencias p\u00fablicas en la causa Saint Amant III"},"content":{"rendered":"<!-- VideographyWP Plugin Message: Automatic video embedding prevented by plugin options. -->\n\n<p>En un recinto Soberan\u00eda Nacional que cont\u00f3 con la presencia de representantes y miembros de la Mesa de la Memoria por la Justicia de San Nicol\u00e1s, los concejales aprobaron ayer por unanimidad un proyecto de decreto que declara el \u00abInter\u00e9s Municipal\u00bb que revisten las audiencias p\u00fablicas que se vienen llevando a cabo en nuestra ciudad en el marco de la denominada causa Saint Amant III.<\/p>\n\n\n\n<p>El proyecto, que hab\u00eda sido presentado por el bloque de Unidad Ciudadana (UC), tuvo tratamiento sobre tablas (es decir, sin previo paso por las comisiones) y fue acompa\u00f1ado tambi\u00e9n por los otros sectores pol\u00edticos del deliberativo local, las bancadas de Cambiemos y del Frente Renovador.<\/p>\n\n\n\n<p>\u00abDecl\u00e1rase de Inter\u00e9s Municipal de las audiencias p\u00fablicas que se vienen desarrollando desde el d\u00eda 12 de junio de 2019, en el marco de la causa Saint Amant III, en las instalaciones del Instituto Tecnol\u00f3gico Rafael Aguiar\u00bb, reza el art\u00edculo primero del decreto aprobado ayer, al tiempo que tambi\u00e9n prescribe que se \u00abremita copia [del decreto] a los integrantes de la Mesa de la Memoria de la ciudad de San Nicol\u00e1s\u00bb.<\/p>\n\n\n\n<p>Desde hace dos semanas, en las instalaciones del auditorio \u201cMacacha G\u00fcemes\u201d del Instituto Tecnol\u00f3gico Rafael Aguiar de la Uni\u00f3n Obrera Metal\u00fargica de San Nicol\u00e1s se vienen desarrollando las audiencias de la tercera edici\u00f3n de los juicios por delitos de lesa humanidad cometidos en la regi\u00f3n.<\/p>\n\n\n\n<p><strong>Otros proyectos<br><\/strong> Adem\u00e1s, por recomendaci\u00f3n de la comisi\u00f3n de Legislaci\u00f3n General se aprob\u00f3 tambi\u00e9n por unanimidad la ratificaci\u00f3n de dos convenios: el primero de ellos, suscripto entre el municipio y la asociaci\u00f3n civil Red de Acci\u00f3n Clim\u00e1tica; el otro, un convenio de Colaboraci\u00f3n celebrado entre la Municipalidad de San Nicol\u00e1s y la Provincia de Salta representada por su gobernador Juan Manuel Urtubey, cuyo objeto es la \u201ccooperaci\u00f3n entre las partes para el desarrollo de acciones en conjunto, que redunden en mutuo beneficio para los habitantes de ambas partes\u201d. El foco estar\u00e1 puesto en el intercambio de informaci\u00f3n y experiencias en la elaboraci\u00f3n de planes estrat\u00e9gicos locales y regionales. Tambi\u00e9n, se buscar\u00e1 promover el intercambio en materia de turismo.<\/p>\n\n\n\n<p>Luego se dio tratamiento sobre tablas a iniciativas acordadas en la comisi\u00f3n de Acuerdo y Labor Legislativa, entre los que sobresalen un proyecto de ordenanza mediante el cual se aprueba un nuevo C\u00f3digo Urbano Ambiental de San Nicol\u00e1s, incorporando modificaci\u00f3n recomendadas por la Direcci\u00f3n Provincial de Reordenamiento Urbano y Territorial.<\/p>\n\n\n\n<p>Fuente: Diario El Norte<\/p>\n","protected":false},"excerpt":{"rendered":"<p>En un recinto Soberan\u00eda Nacional que cont\u00f3 con la presencia de representantes y miembros de la Mesa de la Memoria por la Justicia de San Nicol\u00e1s, los concejales aprobaron ayer por unanimidad un proyecto de decreto que declara el \u00abInter\u00e9s Municipal\u00bb que revisten las audiencias p\u00fablicas que se vienen llevando a cabo en nuestra ciudad [&hellip;]<\/p>\n","protected":false},"author":4,"featured_media":55344,"comment_status":"open","ping_status":"closed","sticky":false,"template":"","format":"standard","meta":{"om_disable_all_campaigns":false,"_jetpack_memberships_contains_paid_content":false,"footnotes":""},"categories":[621],"tags":[],"class_list":["post-55343","post","type-post","status-publish","format-standard","has-post-thumbnail","hentry","category-regionales"],"aioseo_notices":[],"gutentor_comment":0,"jetpack_featured_media_url":"https:\/\/eldiariodesanpedro.com.ar\/sitio\/wp-content\/uploads\/2019\/06\/0-5.jpg","jetpack_shortlink":"https:\/\/wp.me\/p6RhLt-eoD","jetpack_sharing_enabled":true,"_links":{"self":[{"href":"https:\/\/eldiariodesanpedro.com.ar\/sitio\/wp-json\/wp\/v2\/posts\/55343","targetHints":{"allow":["GET"]}}],"collection":[{"href":"https:\/\/eldiariodesanpedro.com.ar\/sitio\/wp-json\/wp\/v2\/posts"}],"about":[{"href":"https:\/\/eldiariodesanpedro.com.ar\/sitio\/wp-json\/wp\/v2\/types\/post"}],"author":[{"embeddable":true,"href":"https:\/\/eldiariodesanpedro.com.ar\/sitio\/wp-json\/wp\/v2\/users\/4"}],"replies":[{"embeddable":true,"href":"https:\/\/eldiariodesanpedro.com.ar\/sitio\/wp-json\/wp\/v2\/comments?post=55343"}],"version-history":[{"count":1,"href":"https:\/\/eldiariodesanpedro.com.ar\/sitio\/wp-json\/wp\/v2\/posts\/55343\/revisions"}],"predecessor-version":[{"id":55345,"href":"https:\/\/eldiariodesanpedro.com.ar\/sitio\/wp-json\/wp\/v2\/posts\/55343\/revisions\/55345"}],"wp:featuredmedia":[{"embeddable":true,"href":"https:\/\/eldiariodesanpedro.com.ar\/sitio\/wp-json\/wp\/v2\/media\/55344"}],"wp:attachment":[{"href":"https:\/\/eldiariodesanpedro.com.ar\/sitio\/wp-json\/wp\/v2\/media?parent=55343"}],"wp:term":[{"taxonomy":"category","embeddable":true,"href":"https:\/\/eldiariodesanpedro.com.ar\/sitio\/wp-json\/wp\/v2\/categories?post=55343"},{"taxonomy":"post_tag","embeddable":true,"href":"https:\/\/eldiariodesanpedro.com.ar\/sitio\/wp-json\/wp\/v2\/tags?post=55343"}],"curies":[{"name":"wp","href":"https:\/\/api.w.org\/{rel}","templated":true}]}}