{"id":55340,"date":"2019-06-28T10:54:43","date_gmt":"2019-06-28T13:54:43","guid":{"rendered":"https:\/\/eldiariodesanpedro.com.ar\/sitio\/?p=55340"},"modified":"2019-06-28T10:54:48","modified_gmt":"2019-06-28T13:54:48","slug":"baradero-clausura-balneario-sur","status":"publish","type":"post","link":"https:\/\/eldiariodesanpedro.com.ar\/sitio\/baradero-clausura-balneario-sur\/","title":{"rendered":"BARADERO: Clausura Balneario Sur"},"content":{"rendered":"<!-- VideographyWP Plugin Message: Automatic video embedding prevented by plugin options. -->\n\n<p>\n\nJorge Lema es quien ten\u00eda bajo la firma Termocom, la concesi\u00f3n del Balneario Sur hasta la jornada del \u00faltimo martes cuando el Departamento de Inspecci\u00f3n de Comercio decidi\u00f3 colocarle la faja de clausura al lugar. Lema habl\u00f3 en la ma\u00f1ana de LS2 RADIO 96.9 en donde manifest\u00f3 que la decisi\u00f3n se realiz\u00f3 injustificadamente y que no son v\u00e1lidos los motivos. Adem\u00e1s, hizo referencia a la denuncia de una persona que sostiene que fue empleado del lugar y que jam\u00e1s se la pag\u00f3.<\/p>\n\n\n\n<p> \u201cLamentablemente este es un tema que viene desde octubre del a\u00f1o pasado, que una parte del Concejo Deliberante, una parte, el bloque de Cambiemos, tom\u00f3 la decisi\u00f3n de rescindir el contrato, le traslad\u00f3 el tema al Ejecutivo y el Ejecutivo sigui\u00f3 adelante con la decisi\u00f3n\u201d<\/p>\n\n\n\n<p> \u201cLos motivos son inv\u00e1lidos, nosotros lo hemos manifestado en una cautelar que presentamos porque es largo de explicar, esto se judicializ\u00f3, en primera instancia no contamos con la superficie total para desarrollar el emprendimiento con la propuesta que presentamos oportunamente, eso se ven\u00eda manifestando con notas, siempre un dialogo que en alg\u00fan momento era tirante pero nunca hab\u00edamos manifestado esto a modo de reproche, siempre tratamos de dialogar con el Municipio el problema, contrapuesto a eso el Municipio tomo la decisi\u00f3n de quitarnos el predio, el camping, donde ha invertido mucha plata, hay una pileta que yo no la har\u00eda ni para m\u00ed, hay instalaciones que cuestan mucho, de acuerdo por c\u00f3mo se desarrolla la actividad y con la escasa superficie con la que contamos, que eso est\u00e1 bien indicado en el certificado de prefactibilidad, son 8500 metros cuadrados contrapuesto a 16800 que era la propuesta original nuestra, de todos modos, nosotros siempre consideramos que eso fue un mal entendido, nunca pensamos que para nada que era algo intencional, y se sigui\u00f3 dialogando\u201d<\/p>\n\n\n\n<p> \u201cUn grupo de funcionarios resolvi\u00f3 a mi entender de forma arbitraria la rescisi\u00f3n del contrato\u201d<\/p>\n\n\n\n<p> \u201cEl argumento del acta de clausura es que \u00a0no est\u00e1n habilitadas las caba\u00f1as, no est\u00e1n declaradas en el lugar\u201d.<\/p>\n\n\n\n<p>Persona denuncia que no s\u00e9 le pag\u00f3 por trabajar<\/p>\n\n\n\n<p>\u201cNo, en absoluto, no era empleado m\u00edo, ni siquiera de sereno, porque \u00e9l duerme ah\u00ed y cuando hay gente en el momento que existe esa circunstancia ah\u00ed dejamos un sereno\u201d<\/p>\n","protected":false},"excerpt":{"rendered":"<p>Jorge Lema es quien ten\u00eda bajo la firma Termocom, la concesi\u00f3n del Balneario Sur hasta la jornada del \u00faltimo martes cuando el Departamento de Inspecci\u00f3n de Comercio decidi\u00f3 colocarle la faja de clausura al lugar. Lema habl\u00f3 en la ma\u00f1ana de LS2 RADIO 96.9 en donde manifest\u00f3 que la decisi\u00f3n se realiz\u00f3 injustificadamente y que [&hellip;]<\/p>\n","protected":false},"author":4,"featured_media":55341,"comment_status":"open","ping_status":"closed","sticky":false,"template":"","format":"standard","meta":{"om_disable_all_campaigns":false,"_jetpack_memberships_contains_paid_content":false,"footnotes":""},"categories":[621],"tags":[],"class_list":["post-55340","post","type-post","status-publish","format-standard","has-post-thumbnail","hentry","category-regionales"],"aioseo_notices":[],"gutentor_comment":0,"jetpack_featured_media_url":"https:\/\/eldiariodesanpedro.com.ar\/sitio\/wp-content\/uploads\/2019\/06\/sin-titulo1-6.jpg","jetpack_shortlink":"https:\/\/wp.me\/p6RhLt-eoA","jetpack_sharing_enabled":true,"_links":{"self":[{"href":"https:\/\/eldiariodesanpedro.com.ar\/sitio\/wp-json\/wp\/v2\/posts\/55340","targetHints":{"allow":["GET"]}}],"collection":[{"href":"https:\/\/eldiariodesanpedro.com.ar\/sitio\/wp-json\/wp\/v2\/posts"}],"about":[{"href":"https:\/\/eldiariodesanpedro.com.ar\/sitio\/wp-json\/wp\/v2\/types\/post"}],"author":[{"embeddable":true,"href":"https:\/\/eldiariodesanpedro.com.ar\/sitio\/wp-json\/wp\/v2\/users\/4"}],"replies":[{"embeddable":true,"href":"https:\/\/eldiariodesanpedro.com.ar\/sitio\/wp-json\/wp\/v2\/comments?post=55340"}],"version-history":[{"count":1,"href":"https:\/\/eldiariodesanpedro.com.ar\/sitio\/wp-json\/wp\/v2\/posts\/55340\/revisions"}],"predecessor-version":[{"id":55342,"href":"https:\/\/eldiariodesanpedro.com.ar\/sitio\/wp-json\/wp\/v2\/posts\/55340\/revisions\/55342"}],"wp:featuredmedia":[{"embeddable":true,"href":"https:\/\/eldiariodesanpedro.com.ar\/sitio\/wp-json\/wp\/v2\/media\/55341"}],"wp:attachment":[{"href":"https:\/\/eldiariodesanpedro.com.ar\/sitio\/wp-json\/wp\/v2\/media?parent=55340"}],"wp:term":[{"taxonomy":"category","embeddable":true,"href":"https:\/\/eldiariodesanpedro.com.ar\/sitio\/wp-json\/wp\/v2\/categories?post=55340"},{"taxonomy":"post_tag","embeddable":true,"href":"https:\/\/eldiariodesanpedro.com.ar\/sitio\/wp-json\/wp\/v2\/tags?post=55340"}],"curies":[{"name":"wp","href":"https:\/\/api.w.org\/{rel}","templated":true}]}}