{"id":55337,"date":"2019-06-28T10:38:31","date_gmt":"2019-06-28T13:38:31","guid":{"rendered":"https:\/\/eldiariodesanpedro.com.ar\/sitio\/?p=55337"},"modified":"2019-06-28T10:38:35","modified_gmt":"2019-06-28T13:38:35","slug":"baradero-el-festival-edicion-2020-ya-tiene-fecha-confirmada","status":"publish","type":"post","link":"https:\/\/eldiariodesanpedro.com.ar\/sitio\/baradero-el-festival-edicion-2020-ya-tiene-fecha-confirmada\/","title":{"rendered":"BARADERO: El festival edici\u00f3n 2020 ya tiene fecha confirmada"},"content":{"rendered":"<!-- VideographyWP Plugin Message: Automatic video embedding prevented by plugin options. -->\n\n<p>Este jueves en el programa Argentina Baila que se emite por la TV P\u00fablica, la intendenta Antonijevic, acompa\u00f1ada por Marcos Barlatay y Mart\u00edn Genoud, anunciaron a manera de primicia, la fecha definitiva para el Festival de M\u00fasica Popular Argentina.<\/p>\n\n\n\n<p>Las autoridades municipales estuvieron presentes promocionando nuestra ciudad y dieron a conocer las fechas, 6,7,8 y 9 de Febrero para el pre \u2013 Baradero y 13, 14,15 y 16 de Febrero para el festival mayor.<\/p>\n\n\n\n<p>Todav\u00eda no hay confirmaciones de artistas, pero adelantaron que ya hay varios nombres en carpeta y con quienes se est\u00e1n negociando los contratos.<\/p>\n\n\n\n<p>Fuente: Baradero Te Informa<\/p>\n","protected":false},"excerpt":{"rendered":"<p>Este jueves en el programa Argentina Baila que se emite por la TV P\u00fablica, la intendenta Antonijevic, acompa\u00f1ada por Marcos Barlatay y Mart\u00edn Genoud, anunciaron a manera de primicia, la fecha definitiva para el Festival de M\u00fasica Popular Argentina. Las autoridades municipales estuvieron presentes promocionando nuestra ciudad y dieron a conocer las fechas, 6,7,8 y [&hellip;]<\/p>\n","protected":false},"author":4,"featured_media":55338,"comment_status":"open","ping_status":"closed","sticky":false,"template":"","format":"standard","meta":{"om_disable_all_campaigns":false,"_jetpack_memberships_contains_paid_content":false,"footnotes":""},"categories":[621],"tags":[],"class_list":["post-55337","post","type-post","status-publish","format-standard","has-post-thumbnail","hentry","category-regionales"],"aioseo_notices":[],"gutentor_comment":0,"jetpack_featured_media_url":"https:\/\/eldiariodesanpedro.com.ar\/sitio\/wp-content\/uploads\/2019\/06\/65318373_1804215769723900_5415291313090199552_n.jpg","jetpack_shortlink":"https:\/\/wp.me\/p6RhLt-eox","jetpack_sharing_enabled":true,"_links":{"self":[{"href":"https:\/\/eldiariodesanpedro.com.ar\/sitio\/wp-json\/wp\/v2\/posts\/55337","targetHints":{"allow":["GET"]}}],"collection":[{"href":"https:\/\/eldiariodesanpedro.com.ar\/sitio\/wp-json\/wp\/v2\/posts"}],"about":[{"href":"https:\/\/eldiariodesanpedro.com.ar\/sitio\/wp-json\/wp\/v2\/types\/post"}],"author":[{"embeddable":true,"href":"https:\/\/eldiariodesanpedro.com.ar\/sitio\/wp-json\/wp\/v2\/users\/4"}],"replies":[{"embeddable":true,"href":"https:\/\/eldiariodesanpedro.com.ar\/sitio\/wp-json\/wp\/v2\/comments?post=55337"}],"version-history":[{"count":1,"href":"https:\/\/eldiariodesanpedro.com.ar\/sitio\/wp-json\/wp\/v2\/posts\/55337\/revisions"}],"predecessor-version":[{"id":55339,"href":"https:\/\/eldiariodesanpedro.com.ar\/sitio\/wp-json\/wp\/v2\/posts\/55337\/revisions\/55339"}],"wp:featuredmedia":[{"embeddable":true,"href":"https:\/\/eldiariodesanpedro.com.ar\/sitio\/wp-json\/wp\/v2\/media\/55338"}],"wp:attachment":[{"href":"https:\/\/eldiariodesanpedro.com.ar\/sitio\/wp-json\/wp\/v2\/media?parent=55337"}],"wp:term":[{"taxonomy":"category","embeddable":true,"href":"https:\/\/eldiariodesanpedro.com.ar\/sitio\/wp-json\/wp\/v2\/categories?post=55337"},{"taxonomy":"post_tag","embeddable":true,"href":"https:\/\/eldiariodesanpedro.com.ar\/sitio\/wp-json\/wp\/v2\/tags?post=55337"}],"curies":[{"name":"wp","href":"https:\/\/api.w.org\/{rel}","templated":true}]}}