{"id":55319,"date":"2019-06-28T10:36:02","date_gmt":"2019-06-28T13:36:02","guid":{"rendered":"https:\/\/eldiariodesanpedro.com.ar\/sitio\/?p=55319"},"modified":"2019-06-28T10:36:06","modified_gmt":"2019-06-28T13:36:06","slug":"baradero-diarios-que-ya-no-llegan-a-la-localidad","status":"publish","type":"post","link":"https:\/\/eldiariodesanpedro.com.ar\/sitio\/baradero-diarios-que-ya-no-llegan-a-la-localidad\/","title":{"rendered":"BARADERO: Diarios que ya no llegan a la localidad"},"content":{"rendered":"<!-- VideographyWP Plugin Message: Automatic video embedding prevented by plugin options. -->\n\n<p> Hasta no hace mucho tiempo, era com\u00fan ver en los escaparates y muestrarios de los lugares dedicados a la venta de diarios, la mayor\u00eda de los que se publican en nuestra Capital Federal. El actual costo de los peri\u00f3dicos, alto para salarios muy menguados sumado a la oportunidad de leerlos por Internet, han hecho que sean pocos los ejemplares que se env\u00edan a Baradero y que, en casos hayan desaparecido.<\/p>\n\n\n\n<p>El largo camino se inici\u00f3 hace varios a\u00f1os cuando el matutino de la familia Gainza Paz, \u00abLa Prensa\u00bb, un s\u00edmbolo para los lectores antiperonistas, comenz\u00f3 a decrecer en ventas. Durante un buen tiempo, solamente un ejemplar llegaba a Baradero hasta que dej\u00f3 de llegar siendo entonces el primero de los grandes matutinos en desaparecer del \u00e1mbito local, desde hace algunas semanas, Diario Popular y el peri\u00f3dico emblem\u00e1tico de la gente \u00abdel campo\u00bb, La Naci\u00f3n, siguieron el mismo camino y, aunque se editan regu\u00f1larmente, sus ediciones dejaron de llegar a nuestro medio.<br>Son tres entonces los diarios que ya no arriban a Baradero y es de suponer que casos similares han de registrarse en otros lugares del pa\u00eds. Es verdad que la lectura mediante el auxilio de Internet ha contribuido a que esto suceda, pero no puede negarse que la actual crisis econ\u00f3mica se refleja claramente en la ca\u00edda de las ventas. <\/p>\n\n\n\n<p>Fuente: El Diario de Baradero<\/p>\n","protected":false},"excerpt":{"rendered":"<p>Hasta no hace mucho tiempo, era com\u00fan ver en los escaparates y muestrarios de los lugares dedicados a la venta de diarios, la mayor\u00eda de los que se publican en nuestra Capital Federal. El actual costo de los peri\u00f3dicos, alto para salarios muy menguados sumado a la oportunidad de leerlos por Internet, han hecho que [&hellip;]<\/p>\n","protected":false},"author":4,"featured_media":55335,"comment_status":"open","ping_status":"closed","sticky":false,"template":"","format":"standard","meta":{"om_disable_all_campaigns":false,"_jetpack_memberships_contains_paid_content":false,"footnotes":""},"categories":[621],"tags":[],"class_list":["post-55319","post","type-post","status-publish","format-standard","has-post-thumbnail","hentry","category-regionales"],"aioseo_notices":[],"gutentor_comment":0,"jetpack_featured_media_url":"https:\/\/eldiariodesanpedro.com.ar\/sitio\/wp-content\/uploads\/2019\/06\/b-crisis-27.jpg","jetpack_shortlink":"https:\/\/wp.me\/p6RhLt-eof","jetpack_sharing_enabled":true,"_links":{"self":[{"href":"https:\/\/eldiariodesanpedro.com.ar\/sitio\/wp-json\/wp\/v2\/posts\/55319","targetHints":{"allow":["GET"]}}],"collection":[{"href":"https:\/\/eldiariodesanpedro.com.ar\/sitio\/wp-json\/wp\/v2\/posts"}],"about":[{"href":"https:\/\/eldiariodesanpedro.com.ar\/sitio\/wp-json\/wp\/v2\/types\/post"}],"author":[{"embeddable":true,"href":"https:\/\/eldiariodesanpedro.com.ar\/sitio\/wp-json\/wp\/v2\/users\/4"}],"replies":[{"embeddable":true,"href":"https:\/\/eldiariodesanpedro.com.ar\/sitio\/wp-json\/wp\/v2\/comments?post=55319"}],"version-history":[{"count":1,"href":"https:\/\/eldiariodesanpedro.com.ar\/sitio\/wp-json\/wp\/v2\/posts\/55319\/revisions"}],"predecessor-version":[{"id":55336,"href":"https:\/\/eldiariodesanpedro.com.ar\/sitio\/wp-json\/wp\/v2\/posts\/55319\/revisions\/55336"}],"wp:featuredmedia":[{"embeddable":true,"href":"https:\/\/eldiariodesanpedro.com.ar\/sitio\/wp-json\/wp\/v2\/media\/55335"}],"wp:attachment":[{"href":"https:\/\/eldiariodesanpedro.com.ar\/sitio\/wp-json\/wp\/v2\/media?parent=55319"}],"wp:term":[{"taxonomy":"category","embeddable":true,"href":"https:\/\/eldiariodesanpedro.com.ar\/sitio\/wp-json\/wp\/v2\/categories?post=55319"},{"taxonomy":"post_tag","embeddable":true,"href":"https:\/\/eldiariodesanpedro.com.ar\/sitio\/wp-json\/wp\/v2\/tags?post=55319"}],"curies":[{"name":"wp","href":"https:\/\/api.w.org\/{rel}","templated":true}]}}