{"id":55312,"date":"2019-06-28T09:47:28","date_gmt":"2019-06-28T12:47:28","guid":{"rendered":"https:\/\/eldiariodesanpedro.com.ar\/sitio\/?p=55312"},"modified":"2019-06-28T09:47:33","modified_gmt":"2019-06-28T12:47:33","slug":"oriana-a-8-dias-del-trasplante-de-corazon-ya-da-sus-primeros-pasitos","status":"publish","type":"post","link":"https:\/\/eldiariodesanpedro.com.ar\/sitio\/oriana-a-8-dias-del-trasplante-de-corazon-ya-da-sus-primeros-pasitos\/","title":{"rendered":"Oriana: A 8 d\u00edas del trasplante de coraz\u00f3n, ya da sus primeros pasitos"},"content":{"rendered":"<!-- VideographyWP Plugin Message: Automatic video embedding prevented by plugin options. -->\n\n<p>La ni\u00f1a de 11 a\u00f1os que fue trasplantada el 20 de junio de coraz\u00f3n, hoy se recupera favorablemente y ya da sus primeros pasos en la sala de pediatr\u00eda del Hospital Garrahan.<\/p>\n\n\n\n<p>\u00abEst\u00e1 con un poquito de dolor por los drenajes, pero de a poquito se lo ir\u00e1n retirando y ese dolor tambi\u00e9n desaparecer\u00e1\u00bb, contaba a nuestra consulta, Mariana su mama a nuestra redacci\u00f3n.<\/p>\n\n\n\n<p>\u00abEstamos felices, Ori ya camina un poquito, no tuvo mas convulsiones , nos queda un tiempo mas todav\u00eda para su recuperaci\u00f3n, pero ac\u00e1 estamos con mucha fuerza, agradeciendo a Dios y a toda la gente por su oraci\u00f3n\u00bb.<\/p>\n\n\n\n<p>La chiquita naci\u00f3 con un problema cong\u00e9nito, lo que derivo a su primer trasplante cuando tenia un a\u00f1ito de edad, a\u00f1o 2009.<\/p>\n\n\n\n<p>Desde que se le diagnostic\u00f3 fue sometida a muchos tratamientos, ademas de su recuperaci\u00f3n, pero este ultimo a\u00f1o volvi\u00f3 a descompensarse y la \u00fanica forma de sobrevivir era otro trasplante.<\/p>\n\n\n\n<p>Oriana se encontraba en Emergencia Nacional y este 19 de junio, su \u00e1ngel donante lleg\u00f3.<\/p>\n\n\n\n<p>La intervenci\u00f3n duro m\u00e1s de 4 horas, Ori entro al quir\u00f3fano antes de las 20 y finaliz\u00f3 a las 4 y 45 am. Los m\u00e9dicos tratantes informaron que la intervencion fue un exito y que reacciono muy bien a sus primeras horas de recuperacion.<\/p>\n\n\n\n<p>De esto hablamos cuando decimos \u00abDONACI\u00d3N\u00bb<\/p>\n\n\n\n<ul class=\"wp-block-gallery columns-2 is-cropped wp-block-gallery-1 is-layout-flex wp-block-gallery-is-layout-flex\"><li class=\"blocks-gallery-item\"><figure><img decoding=\"async\" width=\"540\" height=\"960\" data-attachment-id=\"55314\" data-permalink=\"https:\/\/eldiariodesanpedro.com.ar\/sitio\/oriana-a-8-dias-del-trasplante-de-corazon-ya-da-sus-primeros-pasitos\/65097031_2043173162453786_2265351985987321856_n\/\" data-orig-file=\"https:\/\/eldiariodesanpedro.com.ar\/sitio\/wp-content\/uploads\/2019\/06\/65097031_2043173162453786_2265351985987321856_n.jpg\" data-orig-size=\"540,960\" data-comments-opened=\"1\" data-image-meta=\"{&quot;aperture&quot;:&quot;0&quot;,&quot;credit&quot;:&quot;&quot;,&quot;camera&quot;:&quot;&quot;,&quot;caption&quot;:&quot;&quot;,&quot;created_timestamp&quot;:&quot;0&quot;,&quot;copyright&quot;:&quot;&quot;,&quot;focal_length&quot;:&quot;0&quot;,&quot;iso&quot;:&quot;0&quot;,&quot;shutter_speed&quot;:&quot;0&quot;,&quot;title&quot;:&quot;&quot;,&quot;orientation&quot;:&quot;0&quot;}\" data-image-title=\"65097031_2043173162453786_2265351985987321856_n\" data-image-description=\"\" data-image-caption=\"\" data-large-file=\"https:\/\/eldiariodesanpedro.com.ar\/sitio\/wp-content\/uploads\/2019\/06\/65097031_2043173162453786_2265351985987321856_n.jpg\" data-src=\"https:\/\/eldiariodesanpedro.com.ar\/sitio\/wp-content\/uploads\/2019\/06\/65097031_2043173162453786_2265351985987321856_n.jpg\" alt=\"\" data-id=\"55314\" data-link=\"https:\/\/eldiariodesanpedro.com.ar\/sitio\/?attachment_id=55314\" class=\"wp-image-55314 lazyload\" data-srcset=\"https:\/\/eldiariodesanpedro.com.ar\/sitio\/wp-content\/uploads\/2019\/06\/65097031_2043173162453786_2265351985987321856_n.jpg 540w, https:\/\/eldiariodesanpedro.com.ar\/sitio\/wp-content\/uploads\/2019\/06\/65097031_2043173162453786_2265351985987321856_n-169x300.jpg 169w\" data-sizes=\"(max-width: 540px) 100vw, 540px\" src=\"data:image\/svg+xml;base64,PHN2ZyB3aWR0aD0iMSIgaGVpZ2h0PSIxIiB4bWxucz0iaHR0cDovL3d3dy53My5vcmcvMjAwMC9zdmciPjwvc3ZnPg==\" style=\"--smush-placeholder-width: 540px; --smush-placeholder-aspect-ratio: 540\/960;\" \/><\/figure><\/li><li class=\"blocks-gallery-item\"><figure><img decoding=\"async\" width=\"540\" height=\"960\" data-attachment-id=\"55313\" data-permalink=\"https:\/\/eldiariodesanpedro.com.ar\/sitio\/oriana-a-8-dias-del-trasplante-de-corazon-ya-da-sus-primeros-pasitos\/65011463_2043173115787124_4054484715523014656_n\/\" data-orig-file=\"https:\/\/eldiariodesanpedro.com.ar\/sitio\/wp-content\/uploads\/2019\/06\/65011463_2043173115787124_4054484715523014656_n.jpg\" data-orig-size=\"540,960\" data-comments-opened=\"1\" data-image-meta=\"{&quot;aperture&quot;:&quot;0&quot;,&quot;credit&quot;:&quot;&quot;,&quot;camera&quot;:&quot;&quot;,&quot;caption&quot;:&quot;&quot;,&quot;created_timestamp&quot;:&quot;0&quot;,&quot;copyright&quot;:&quot;&quot;,&quot;focal_length&quot;:&quot;0&quot;,&quot;iso&quot;:&quot;0&quot;,&quot;shutter_speed&quot;:&quot;0&quot;,&quot;title&quot;:&quot;&quot;,&quot;orientation&quot;:&quot;0&quot;}\" data-image-title=\"65011463_2043173115787124_4054484715523014656_n\" data-image-description=\"\" data-image-caption=\"\" data-large-file=\"https:\/\/eldiariodesanpedro.com.ar\/sitio\/wp-content\/uploads\/2019\/06\/65011463_2043173115787124_4054484715523014656_n.jpg\" data-src=\"https:\/\/eldiariodesanpedro.com.ar\/sitio\/wp-content\/uploads\/2019\/06\/65011463_2043173115787124_4054484715523014656_n.jpg\" alt=\"\" data-id=\"55313\" data-link=\"https:\/\/eldiariodesanpedro.com.ar\/sitio\/?attachment_id=55313\" class=\"wp-image-55313 lazyload\" data-srcset=\"https:\/\/eldiariodesanpedro.com.ar\/sitio\/wp-content\/uploads\/2019\/06\/65011463_2043173115787124_4054484715523014656_n.jpg 540w, https:\/\/eldiariodesanpedro.com.ar\/sitio\/wp-content\/uploads\/2019\/06\/65011463_2043173115787124_4054484715523014656_n-169x300.jpg 169w\" data-sizes=\"(max-width: 540px) 100vw, 540px\" src=\"data:image\/svg+xml;base64,PHN2ZyB3aWR0aD0iMSIgaGVpZ2h0PSIxIiB4bWxucz0iaHR0cDovL3d3dy53My5vcmcvMjAwMC9zdmciPjwvc3ZnPg==\" style=\"--smush-placeholder-width: 540px; --smush-placeholder-aspect-ratio: 540\/960;\" \/><\/figure><\/li><\/ul>\n","protected":false},"excerpt":{"rendered":"<p>La ni\u00f1a de 11 a\u00f1os que fue trasplantada el 20 de junio de coraz\u00f3n, hoy se recupera favorablemente y ya da sus primeros pasos en la sala de pediatr\u00eda del Hospital Garrahan. \u00abEst\u00e1 con un poquito de dolor por los drenajes, pero de a poquito se lo ir\u00e1n retirando y ese dolor tambi\u00e9n desaparecer\u00e1\u00bb, contaba [&hellip;]<\/p>\n","protected":false},"author":4,"featured_media":55315,"comment_status":"open","ping_status":"closed","sticky":false,"template":"","format":"standard","meta":{"om_disable_all_campaigns":false,"_jetpack_memberships_contains_paid_content":false,"footnotes":""},"categories":[50,101,2],"tags":[],"class_list":["post-55312","post","type-post","status-publish","format-standard","has-post-thumbnail","hentry","category-destacadas","category-interes-general-locales","category-locales"],"aioseo_notices":[],"gutentor_comment":0,"jetpack_featured_media_url":"https:\/\/eldiariodesanpedro.com.ar\/sitio\/wp-content\/uploads\/2019\/06\/65836094_2043173139120455_7509757098809360384_n.jpg","jetpack_shortlink":"https:\/\/wp.me\/p6RhLt-eo8","jetpack_sharing_enabled":true,"_links":{"self":[{"href":"https:\/\/eldiariodesanpedro.com.ar\/sitio\/wp-json\/wp\/v2\/posts\/55312","targetHints":{"allow":["GET"]}}],"collection":[{"href":"https:\/\/eldiariodesanpedro.com.ar\/sitio\/wp-json\/wp\/v2\/posts"}],"about":[{"href":"https:\/\/eldiariodesanpedro.com.ar\/sitio\/wp-json\/wp\/v2\/types\/post"}],"author":[{"embeddable":true,"href":"https:\/\/eldiariodesanpedro.com.ar\/sitio\/wp-json\/wp\/v2\/users\/4"}],"replies":[{"embeddable":true,"href":"https:\/\/eldiariodesanpedro.com.ar\/sitio\/wp-json\/wp\/v2\/comments?post=55312"}],"version-history":[{"count":1,"href":"https:\/\/eldiariodesanpedro.com.ar\/sitio\/wp-json\/wp\/v2\/posts\/55312\/revisions"}],"predecessor-version":[{"id":55316,"href":"https:\/\/eldiariodesanpedro.com.ar\/sitio\/wp-json\/wp\/v2\/posts\/55312\/revisions\/55316"}],"wp:featuredmedia":[{"embeddable":true,"href":"https:\/\/eldiariodesanpedro.com.ar\/sitio\/wp-json\/wp\/v2\/media\/55315"}],"wp:attachment":[{"href":"https:\/\/eldiariodesanpedro.com.ar\/sitio\/wp-json\/wp\/v2\/media?parent=55312"}],"wp:term":[{"taxonomy":"category","embeddable":true,"href":"https:\/\/eldiariodesanpedro.com.ar\/sitio\/wp-json\/wp\/v2\/categories?post=55312"},{"taxonomy":"post_tag","embeddable":true,"href":"https:\/\/eldiariodesanpedro.com.ar\/sitio\/wp-json\/wp\/v2\/tags?post=55312"}],"curies":[{"name":"wp","href":"https:\/\/api.w.org\/{rel}","templated":true}]}}