{"id":55308,"date":"2019-06-28T09:00:24","date_gmt":"2019-06-28T12:00:24","guid":{"rendered":"https:\/\/eldiariodesanpedro.com.ar\/sitio\/?p=55308"},"modified":"2019-06-28T09:00:29","modified_gmt":"2019-06-28T12:00:29","slug":"primera-campana-municipal-de-control-visual-y-entrega-de-anteojos-recetados","status":"publish","type":"post","link":"https:\/\/eldiariodesanpedro.com.ar\/sitio\/primera-campana-municipal-de-control-visual-y-entrega-de-anteojos-recetados\/","title":{"rendered":"Primera Campa\u00f1a Municipal de control visual y entrega de anteojos recetados"},"content":{"rendered":"<!-- VideographyWP Plugin Message: Automatic video embedding prevented by plugin options. -->\n\n<p> La Secretar\u00eda de Salud de la Municipalidad de San Pedro informa que tomando como referencia una de las conclusiones m\u00e1s importantes tras la reciente visita del Tren Sanitario, se comienza a implementar una campa\u00f1a de control visual y entrega de anteojos recetados.\u00a0<\/p>\n\n\n\n<p>La dificultad de la poblaci\u00f3n para acceder a un control visual por un profesional m\u00e9dico y a los anteojos correspondientes fue notable y si bien muchos accedieron a los mismos, una gran cantidad de vecinos no pudo hacerlo.<\/p>\n\n\n\n<p>El programa contempla prioritariamente a las localidades en las que no se instal\u00f3 el Hospital M\u00f3vil\u00a0 y la primera etapa se est\u00e1 instrumentando durante esta semana en Santa Luc\u00eda.<\/p>\n\n\n\n<p>Posteriormente se ir\u00e1n anunciando las fechas para las localidades y para un nuevo tramo en San Pedro.\u00a0<\/p>\n\n\n\n<p>La iniciativa est\u00e1 dirigida a quienes no cuentan con lentes por su situaci\u00f3n econ\u00f3mica ni pueden acceder de manera convencional.<\/p>\n\n\n\n<figure class=\"wp-block-image\"><img decoding=\"async\" width=\"733\" height=\"413\" data-attachment-id=\"55309\" data-permalink=\"https:\/\/eldiariodesanpedro.com.ar\/sitio\/primera-campana-municipal-de-control-visual-y-entrega-de-anteojos-recetados\/2-65\/\" data-orig-file=\"https:\/\/eldiariodesanpedro.com.ar\/sitio\/wp-content\/uploads\/2019\/06\/2-1.jpeg\" data-orig-size=\"733,413\" data-comments-opened=\"1\" data-image-meta=\"{&quot;aperture&quot;:&quot;0&quot;,&quot;credit&quot;:&quot;&quot;,&quot;camera&quot;:&quot;&quot;,&quot;caption&quot;:&quot;&quot;,&quot;created_timestamp&quot;:&quot;0&quot;,&quot;copyright&quot;:&quot;&quot;,&quot;focal_length&quot;:&quot;0&quot;,&quot;iso&quot;:&quot;0&quot;,&quot;shutter_speed&quot;:&quot;0&quot;,&quot;title&quot;:&quot;&quot;,&quot;orientation&quot;:&quot;0&quot;}\" data-image-title=\"2\" data-image-description=\"\" data-image-caption=\"\" data-large-file=\"https:\/\/eldiariodesanpedro.com.ar\/sitio\/wp-content\/uploads\/2019\/06\/2-1.jpeg\" data-src=\"https:\/\/eldiariodesanpedro.com.ar\/sitio\/wp-content\/uploads\/2019\/06\/2-1.jpeg\" alt=\"\" class=\"wp-image-55309 lazyload\" data-srcset=\"https:\/\/eldiariodesanpedro.com.ar\/sitio\/wp-content\/uploads\/2019\/06\/2-1.jpeg 733w, https:\/\/eldiariodesanpedro.com.ar\/sitio\/wp-content\/uploads\/2019\/06\/2-1-300x169.jpeg 300w\" data-sizes=\"(max-width: 733px) 100vw, 733px\" src=\"data:image\/svg+xml;base64,PHN2ZyB3aWR0aD0iMSIgaGVpZ2h0PSIxIiB4bWxucz0iaHR0cDovL3d3dy53My5vcmcvMjAwMC9zdmciPjwvc3ZnPg==\" style=\"--smush-placeholder-width: 733px; --smush-placeholder-aspect-ratio: 733\/413;\" \/><\/figure>\n\n\n\n<p><br><\/p>\n","protected":false},"excerpt":{"rendered":"<p>La Secretar\u00eda de Salud de la Municipalidad de San Pedro informa que tomando como referencia una de las conclusiones m\u00e1s importantes tras la reciente visita del Tren Sanitario, se comienza a implementar una campa\u00f1a de control visual y entrega de anteojos recetados.\u00a0 La dificultad de la poblaci\u00f3n para acceder a un control visual por un [&hellip;]<\/p>\n","protected":false},"author":4,"featured_media":55310,"comment_status":"open","ping_status":"closed","sticky":false,"template":"","format":"standard","meta":{"om_disable_all_campaigns":false,"_jetpack_memberships_contains_paid_content":false,"footnotes":""},"categories":[101,2],"tags":[],"class_list":["post-55308","post","type-post","status-publish","format-standard","has-post-thumbnail","hentry","category-interes-general-locales","category-locales"],"aioseo_notices":[],"gutentor_comment":0,"jetpack_featured_media_url":"https:\/\/eldiariodesanpedro.com.ar\/sitio\/wp-content\/uploads\/2019\/06\/1-3.jpeg","jetpack_shortlink":"https:\/\/wp.me\/p6RhLt-eo4","jetpack_sharing_enabled":true,"_links":{"self":[{"href":"https:\/\/eldiariodesanpedro.com.ar\/sitio\/wp-json\/wp\/v2\/posts\/55308","targetHints":{"allow":["GET"]}}],"collection":[{"href":"https:\/\/eldiariodesanpedro.com.ar\/sitio\/wp-json\/wp\/v2\/posts"}],"about":[{"href":"https:\/\/eldiariodesanpedro.com.ar\/sitio\/wp-json\/wp\/v2\/types\/post"}],"author":[{"embeddable":true,"href":"https:\/\/eldiariodesanpedro.com.ar\/sitio\/wp-json\/wp\/v2\/users\/4"}],"replies":[{"embeddable":true,"href":"https:\/\/eldiariodesanpedro.com.ar\/sitio\/wp-json\/wp\/v2\/comments?post=55308"}],"version-history":[{"count":1,"href":"https:\/\/eldiariodesanpedro.com.ar\/sitio\/wp-json\/wp\/v2\/posts\/55308\/revisions"}],"predecessor-version":[{"id":55311,"href":"https:\/\/eldiariodesanpedro.com.ar\/sitio\/wp-json\/wp\/v2\/posts\/55308\/revisions\/55311"}],"wp:featuredmedia":[{"embeddable":true,"href":"https:\/\/eldiariodesanpedro.com.ar\/sitio\/wp-json\/wp\/v2\/media\/55310"}],"wp:attachment":[{"href":"https:\/\/eldiariodesanpedro.com.ar\/sitio\/wp-json\/wp\/v2\/media?parent=55308"}],"wp:term":[{"taxonomy":"category","embeddable":true,"href":"https:\/\/eldiariodesanpedro.com.ar\/sitio\/wp-json\/wp\/v2\/categories?post=55308"},{"taxonomy":"post_tag","embeddable":true,"href":"https:\/\/eldiariodesanpedro.com.ar\/sitio\/wp-json\/wp\/v2\/tags?post=55308"}],"curies":[{"name":"wp","href":"https:\/\/api.w.org\/{rel}","templated":true}]}}