{"id":55294,"date":"2019-06-27T17:43:35","date_gmt":"2019-06-27T20:43:35","guid":{"rendered":"https:\/\/eldiariodesanpedro.com.ar\/sitio\/?p=55294"},"modified":"2019-06-27T17:43:39","modified_gmt":"2019-06-27T20:43:39","slug":"importante-capacitacion-para-los-bomberos-voluntarios","status":"publish","type":"post","link":"https:\/\/eldiariodesanpedro.com.ar\/sitio\/importante-capacitacion-para-los-bomberos-voluntarios\/","title":{"rendered":"Importante capacitaci\u00f3n para los Bomberos Voluntarios"},"content":{"rendered":"<!-- VideographyWP Plugin Message: Automatic video embedding prevented by plugin options. -->\n\n<p>Personal de la Fiscal\u00eda 5 instruy\u00f3 al cuerpo activo sobre cuestiones vinculadas a las eventuales de la justicia ante cada intervenci\u00f3n.\u00a0 <\/p>\n\n\n\n<p>En el marco de las\u00a0capacitaciones que recibe el personal del cuerpo activo de Bomberos Voluntarios de San Pedro, en la noche de este martes se recibi\u00f3 la visita de\u00a0Servando D\u00edaz colaborador del fiscal Dr.\u00a0Marcelo Manso titular de la UFI 5 de San Pedro.<\/p>\n\n\n\n<p>La charla tuvo car\u00e1cter informativa\u00a0para el personal, al que se les brindaron conocimientos relacionados a la tarea diaria que los bomberos ejercen en cada emergencia a la que son requeridos.<br><\/p>\n\n\n\n<p>Temas que incluyen la correcta toma de datos es fundamental como asistentes de la justicia, los alcances de determinadas situaciones en las cuales pueden verse en diferentes intervenciones.\u00a0<\/p>\n\n\n\n<p>La charla se extendi\u00f3 por casi dos horas en las cuales el personal tambi\u00e9n tuvo la posibilidad de evacuar dudas al respecto en materia legal.<\/p>\n\n\n\n<p>Esta es la primera vez que funcionarios judiciales se acercan a la instituci\u00f3n para compartir sus conocimientos con el personal de bomberos.&nbsp;<\/p>\n","protected":false},"excerpt":{"rendered":"<p>Personal de la Fiscal\u00eda 5 instruy\u00f3 al cuerpo activo sobre cuestiones vinculadas a las eventuales de la justicia ante cada intervenci\u00f3n.\u00a0 En el marco de las\u00a0capacitaciones que recibe el personal del cuerpo activo de Bomberos Voluntarios de San Pedro, en la noche de este martes se recibi\u00f3 la visita de\u00a0Servando D\u00edaz colaborador del fiscal Dr.\u00a0Marcelo [&hellip;]<\/p>\n","protected":false},"author":4,"featured_media":55295,"comment_status":"open","ping_status":"closed","sticky":false,"template":"","format":"standard","meta":{"om_disable_all_campaigns":false,"_jetpack_memberships_contains_paid_content":false,"footnotes":""},"categories":[101,2],"tags":[],"class_list":["post-55294","post","type-post","status-publish","format-standard","has-post-thumbnail","hentry","category-interes-general-locales","category-locales"],"aioseo_notices":[],"gutentor_comment":0,"jetpack_featured_media_url":"https:\/\/eldiariodesanpedro.com.ar\/sitio\/wp-content\/uploads\/2019\/06\/000077984.jpg","jetpack_shortlink":"https:\/\/wp.me\/p6RhLt-enQ","jetpack_sharing_enabled":true,"_links":{"self":[{"href":"https:\/\/eldiariodesanpedro.com.ar\/sitio\/wp-json\/wp\/v2\/posts\/55294","targetHints":{"allow":["GET"]}}],"collection":[{"href":"https:\/\/eldiariodesanpedro.com.ar\/sitio\/wp-json\/wp\/v2\/posts"}],"about":[{"href":"https:\/\/eldiariodesanpedro.com.ar\/sitio\/wp-json\/wp\/v2\/types\/post"}],"author":[{"embeddable":true,"href":"https:\/\/eldiariodesanpedro.com.ar\/sitio\/wp-json\/wp\/v2\/users\/4"}],"replies":[{"embeddable":true,"href":"https:\/\/eldiariodesanpedro.com.ar\/sitio\/wp-json\/wp\/v2\/comments?post=55294"}],"version-history":[{"count":1,"href":"https:\/\/eldiariodesanpedro.com.ar\/sitio\/wp-json\/wp\/v2\/posts\/55294\/revisions"}],"predecessor-version":[{"id":55296,"href":"https:\/\/eldiariodesanpedro.com.ar\/sitio\/wp-json\/wp\/v2\/posts\/55294\/revisions\/55296"}],"wp:featuredmedia":[{"embeddable":true,"href":"https:\/\/eldiariodesanpedro.com.ar\/sitio\/wp-json\/wp\/v2\/media\/55295"}],"wp:attachment":[{"href":"https:\/\/eldiariodesanpedro.com.ar\/sitio\/wp-json\/wp\/v2\/media?parent=55294"}],"wp:term":[{"taxonomy":"category","embeddable":true,"href":"https:\/\/eldiariodesanpedro.com.ar\/sitio\/wp-json\/wp\/v2\/categories?post=55294"},{"taxonomy":"post_tag","embeddable":true,"href":"https:\/\/eldiariodesanpedro.com.ar\/sitio\/wp-json\/wp\/v2\/tags?post=55294"}],"curies":[{"name":"wp","href":"https:\/\/api.w.org\/{rel}","templated":true}]}}