{"id":55291,"date":"2019-06-27T13:49:40","date_gmt":"2019-06-27T16:49:40","guid":{"rendered":"https:\/\/eldiariodesanpedro.com.ar\/sitio\/?p=55291"},"modified":"2019-06-27T13:49:44","modified_gmt":"2019-06-27T16:49:44","slug":"ester-noat-en-la-plata-en-la-presentacion-de-marisa-graham-como-defensora-de-ninas-ninos-y-adolescentes","status":"publish","type":"post","link":"https:\/\/eldiariodesanpedro.com.ar\/sitio\/ester-noat-en-la-plata-en-la-presentacion-de-marisa-graham-como-defensora-de-ninas-ninos-y-adolescentes\/","title":{"rendered":"Ester Noat en La Plata en la presentaci\u00f3n de Marisa Graham como Defensora de Ni\u00f1as, Ni\u00f1os y Adolescentes"},"content":{"rendered":"<!-- VideographyWP Plugin Message: Automatic video embedding prevented by plugin options. -->\n\n<p>\n\nLa precandidata a Intendenta por el Frente de Todos, Ester Noat,&nbsp; particip\u00f3 hoy de la sesi\u00f3n en la que la Honorable C\u00e1mara de Diputados de la Naci\u00f3n Argentina ratific\u00f3 la designaci\u00f3n de Marisa Graham como Defensora de Ni\u00f1as, Ni\u00f1os y Adolescentes.<\/p>\n\n\n\n<p>Noat, con experiencia nacional y provincial en ni\u00f1ez y adolescencia, fue invitada especialmente al acto en el que\u00a0 Graham fue confirmada por mayor\u00eda en el cargo vacante desde su creaci\u00f3n en 2005.\u00a0<\/p>\n\n\n\n<p>Adem\u00e1s de dialogar con la funcionaria, la sampedrina\u00a0 charl\u00f3 con Mayra Mendoza y Fernanda Raverta, quienes precandidatos a Intendente en Quilmes y Mar del Plata.<br><\/p>\n","protected":false},"excerpt":{"rendered":"<p>La precandidata a Intendenta por el Frente de Todos, Ester Noat,&nbsp; particip\u00f3 hoy de la sesi\u00f3n en la que la Honorable C\u00e1mara de Diputados de la Naci\u00f3n Argentina ratific\u00f3 la designaci\u00f3n de Marisa Graham como Defensora de Ni\u00f1as, Ni\u00f1os y Adolescentes. Noat, con experiencia nacional y provincial en ni\u00f1ez y adolescencia, fue invitada especialmente al [&hellip;]<\/p>\n","protected":false},"author":4,"featured_media":55292,"comment_status":"open","ping_status":"closed","sticky":false,"template":"","format":"standard","meta":{"om_disable_all_campaigns":false,"_jetpack_memberships_contains_paid_content":false,"footnotes":""},"categories":[2,102],"tags":[],"class_list":["post-55291","post","type-post","status-publish","format-standard","has-post-thumbnail","hentry","category-locales","category-politica-locales"],"aioseo_notices":[],"gutentor_comment":0,"jetpack_featured_media_url":"https:\/\/eldiariodesanpedro.com.ar\/sitio\/wp-content\/uploads\/2019\/06\/WhatsApp-Image-2019-06-26-at-18.10.28.jpeg","jetpack_shortlink":"https:\/\/wp.me\/p6RhLt-enN","jetpack_sharing_enabled":true,"_links":{"self":[{"href":"https:\/\/eldiariodesanpedro.com.ar\/sitio\/wp-json\/wp\/v2\/posts\/55291","targetHints":{"allow":["GET"]}}],"collection":[{"href":"https:\/\/eldiariodesanpedro.com.ar\/sitio\/wp-json\/wp\/v2\/posts"}],"about":[{"href":"https:\/\/eldiariodesanpedro.com.ar\/sitio\/wp-json\/wp\/v2\/types\/post"}],"author":[{"embeddable":true,"href":"https:\/\/eldiariodesanpedro.com.ar\/sitio\/wp-json\/wp\/v2\/users\/4"}],"replies":[{"embeddable":true,"href":"https:\/\/eldiariodesanpedro.com.ar\/sitio\/wp-json\/wp\/v2\/comments?post=55291"}],"version-history":[{"count":1,"href":"https:\/\/eldiariodesanpedro.com.ar\/sitio\/wp-json\/wp\/v2\/posts\/55291\/revisions"}],"predecessor-version":[{"id":55293,"href":"https:\/\/eldiariodesanpedro.com.ar\/sitio\/wp-json\/wp\/v2\/posts\/55291\/revisions\/55293"}],"wp:featuredmedia":[{"embeddable":true,"href":"https:\/\/eldiariodesanpedro.com.ar\/sitio\/wp-json\/wp\/v2\/media\/55292"}],"wp:attachment":[{"href":"https:\/\/eldiariodesanpedro.com.ar\/sitio\/wp-json\/wp\/v2\/media?parent=55291"}],"wp:term":[{"taxonomy":"category","embeddable":true,"href":"https:\/\/eldiariodesanpedro.com.ar\/sitio\/wp-json\/wp\/v2\/categories?post=55291"},{"taxonomy":"post_tag","embeddable":true,"href":"https:\/\/eldiariodesanpedro.com.ar\/sitio\/wp-json\/wp\/v2\/tags?post=55291"}],"curies":[{"name":"wp","href":"https:\/\/api.w.org\/{rel}","templated":true}]}}