{"id":55288,"date":"2019-06-27T13:42:13","date_gmt":"2019-06-27T16:42:13","guid":{"rendered":"https:\/\/eldiariodesanpedro.com.ar\/sitio\/?p=55288"},"modified":"2019-06-27T13:42:18","modified_gmt":"2019-06-27T16:42:18","slug":"baradero-se-ejecutan-tareas-de-mejoramiento-en-calles-y-caminos-rurales","status":"publish","type":"post","link":"https:\/\/eldiariodesanpedro.com.ar\/sitio\/baradero-se-ejecutan-tareas-de-mejoramiento-en-calles-y-caminos-rurales\/","title":{"rendered":"BARADERO: Se ejecutan tareas de mejoramiento en calles y caminos rurales"},"content":{"rendered":"<!-- VideographyWP Plugin Message: Automatic video embedding prevented by plugin options. -->\n\n<p>La Municipalidad de Baradero mediante la Secretar\u00eda de Servicios P\u00fablicos informa que se est\u00e1 trabajando en diferentes zonas de la ciudad en mejoramiento de calles, bacheo y zanjeo con sus cuadrillas de trabajadores.<\/p>\n\n\n\n<p>En Joaqu\u00edn V. Gonz\u00e1lez, Tom\u00e1s Edison, Pueyrred\u00f3n, Maza, Maip\u00fa, Dollera, Pacheco de Melo, Roque S\u00e1enz Pe\u00f1a y Belgrano, Roque S\u00e1enz Pe\u00f1a y Bola\u00f1os; Libertad y Juan XXII, entre otras, se concretaros tareas de bacheo con RAP (Pavimento de Asfalto Recuperado) y, adem\u00e1s, en la costanera a cercan\u00edas del Club de Regatas de la Ciudad se ejecutaron tareas de desmalezamiento, zanjeo y la apertura de calles.<\/p>\n\n\n\n<p>Por otro lado, desde la Subsecretar\u00eda de Ambiente y Espacios P\u00fablicos se llevan adelante tareas de limpieza sobre la Ruta N\u00b041 donde antes, y durante mucho tiempo, se hab\u00eda instalado un basural urbano. A su vez se concretaron tareas de zanjeo y nivelaci\u00f3n en caminos rurales, en esta ocasi\u00f3n, en cercan\u00eda de la localidad de Alsina.<\/p>\n","protected":false},"excerpt":{"rendered":"<p>La Municipalidad de Baradero mediante la Secretar\u00eda de Servicios P\u00fablicos informa que se est\u00e1 trabajando en diferentes zonas de la ciudad en mejoramiento de calles, bacheo y zanjeo con sus cuadrillas de trabajadores. En Joaqu\u00edn V. Gonz\u00e1lez, Tom\u00e1s Edison, Pueyrred\u00f3n, Maza, Maip\u00fa, Dollera, Pacheco de Melo, Roque S\u00e1enz Pe\u00f1a y Belgrano, Roque S\u00e1enz Pe\u00f1a y [&hellip;]<\/p>\n","protected":false},"author":4,"featured_media":55289,"comment_status":"open","ping_status":"closed","sticky":false,"template":"","format":"standard","meta":{"om_disable_all_campaigns":false,"_jetpack_memberships_contains_paid_content":false,"footnotes":""},"categories":[621],"tags":[],"class_list":["post-55288","post","type-post","status-publish","format-standard","has-post-thumbnail","hentry","category-regionales"],"aioseo_notices":[],"gutentor_comment":0,"jetpack_featured_media_url":"https:\/\/eldiariodesanpedro.com.ar\/sitio\/wp-content\/uploads\/2019\/06\/unnamed-9-1.jpg","jetpack_shortlink":"https:\/\/wp.me\/p6RhLt-enK","jetpack_sharing_enabled":true,"_links":{"self":[{"href":"https:\/\/eldiariodesanpedro.com.ar\/sitio\/wp-json\/wp\/v2\/posts\/55288","targetHints":{"allow":["GET"]}}],"collection":[{"href":"https:\/\/eldiariodesanpedro.com.ar\/sitio\/wp-json\/wp\/v2\/posts"}],"about":[{"href":"https:\/\/eldiariodesanpedro.com.ar\/sitio\/wp-json\/wp\/v2\/types\/post"}],"author":[{"embeddable":true,"href":"https:\/\/eldiariodesanpedro.com.ar\/sitio\/wp-json\/wp\/v2\/users\/4"}],"replies":[{"embeddable":true,"href":"https:\/\/eldiariodesanpedro.com.ar\/sitio\/wp-json\/wp\/v2\/comments?post=55288"}],"version-history":[{"count":1,"href":"https:\/\/eldiariodesanpedro.com.ar\/sitio\/wp-json\/wp\/v2\/posts\/55288\/revisions"}],"predecessor-version":[{"id":55290,"href":"https:\/\/eldiariodesanpedro.com.ar\/sitio\/wp-json\/wp\/v2\/posts\/55288\/revisions\/55290"}],"wp:featuredmedia":[{"embeddable":true,"href":"https:\/\/eldiariodesanpedro.com.ar\/sitio\/wp-json\/wp\/v2\/media\/55289"}],"wp:attachment":[{"href":"https:\/\/eldiariodesanpedro.com.ar\/sitio\/wp-json\/wp\/v2\/media?parent=55288"}],"wp:term":[{"taxonomy":"category","embeddable":true,"href":"https:\/\/eldiariodesanpedro.com.ar\/sitio\/wp-json\/wp\/v2\/categories?post=55288"},{"taxonomy":"post_tag","embeddable":true,"href":"https:\/\/eldiariodesanpedro.com.ar\/sitio\/wp-json\/wp\/v2\/tags?post=55288"}],"curies":[{"name":"wp","href":"https:\/\/api.w.org\/{rel}","templated":true}]}}