{"id":55285,"date":"2019-06-27T13:40:26","date_gmt":"2019-06-27T16:40:26","guid":{"rendered":"https:\/\/eldiariodesanpedro.com.ar\/sitio\/?p=55285"},"modified":"2019-06-27T13:40:30","modified_gmt":"2019-06-27T16:40:30","slug":"baradero-delincuentes-ingresaron-a-robar-en-pleno-horario-de-clases","status":"publish","type":"post","link":"https:\/\/eldiariodesanpedro.com.ar\/sitio\/baradero-delincuentes-ingresaron-a-robar-en-pleno-horario-de-clases\/","title":{"rendered":"BARADERO: Delincuentes ingresaron a robar en pleno horario de clases"},"content":{"rendered":"<!-- VideographyWP Plugin Message: Automatic video embedding prevented by plugin options. -->\n\n<p>En la tarde noche de ayer dos delincuentes fueron sorprendidos por los alumnos del Instituto de Formaci\u00f3n T\u00e9cnica 192 que funciona en las instalaciones dela escuela Juana Berisso.<\/p>\n\n\n\n<p>Los malvivientes ingresaron por el port\u00f3n de calle Rene Sim\u00f3n y fueron sorprendidos mientras intentaban robar dos ciclomotores que, junto a otros, se encontraban en el patio de la instituci\u00f3n.<\/p>\n\n\n\n<p>La polic\u00eda fue alertada pero los delincuentes se dieron a la fuga antes de su llegada.<\/p>\n\n\n\n<p>Fuente: Baradero Te Informa<\/p>\n","protected":false},"excerpt":{"rendered":"<p>En la tarde noche de ayer dos delincuentes fueron sorprendidos por los alumnos del Instituto de Formaci\u00f3n T\u00e9cnica 192 que funciona en las instalaciones dela escuela Juana Berisso. Los malvivientes ingresaron por el port\u00f3n de calle Rene Sim\u00f3n y fueron sorprendidos mientras intentaban robar dos ciclomotores que, junto a otros, se encontraban en el patio [&hellip;]<\/p>\n","protected":false},"author":4,"featured_media":55286,"comment_status":"open","ping_status":"closed","sticky":false,"template":"","format":"standard","meta":{"om_disable_all_campaigns":false,"_jetpack_memberships_contains_paid_content":false,"footnotes":""},"categories":[621],"tags":[],"class_list":["post-55285","post","type-post","status-publish","format-standard","has-post-thumbnail","hentry","category-regionales"],"aioseo_notices":[],"gutentor_comment":0,"jetpack_featured_media_url":"https:\/\/eldiariodesanpedro.com.ar\/sitio\/wp-content\/uploads\/2019\/06\/img-20160402-wa0005-1-1497x840.jpg","jetpack_shortlink":"https:\/\/wp.me\/p6RhLt-enH","jetpack_sharing_enabled":true,"_links":{"self":[{"href":"https:\/\/eldiariodesanpedro.com.ar\/sitio\/wp-json\/wp\/v2\/posts\/55285","targetHints":{"allow":["GET"]}}],"collection":[{"href":"https:\/\/eldiariodesanpedro.com.ar\/sitio\/wp-json\/wp\/v2\/posts"}],"about":[{"href":"https:\/\/eldiariodesanpedro.com.ar\/sitio\/wp-json\/wp\/v2\/types\/post"}],"author":[{"embeddable":true,"href":"https:\/\/eldiariodesanpedro.com.ar\/sitio\/wp-json\/wp\/v2\/users\/4"}],"replies":[{"embeddable":true,"href":"https:\/\/eldiariodesanpedro.com.ar\/sitio\/wp-json\/wp\/v2\/comments?post=55285"}],"version-history":[{"count":1,"href":"https:\/\/eldiariodesanpedro.com.ar\/sitio\/wp-json\/wp\/v2\/posts\/55285\/revisions"}],"predecessor-version":[{"id":55287,"href":"https:\/\/eldiariodesanpedro.com.ar\/sitio\/wp-json\/wp\/v2\/posts\/55285\/revisions\/55287"}],"wp:featuredmedia":[{"embeddable":true,"href":"https:\/\/eldiariodesanpedro.com.ar\/sitio\/wp-json\/wp\/v2\/media\/55286"}],"wp:attachment":[{"href":"https:\/\/eldiariodesanpedro.com.ar\/sitio\/wp-json\/wp\/v2\/media?parent=55285"}],"wp:term":[{"taxonomy":"category","embeddable":true,"href":"https:\/\/eldiariodesanpedro.com.ar\/sitio\/wp-json\/wp\/v2\/categories?post=55285"},{"taxonomy":"post_tag","embeddable":true,"href":"https:\/\/eldiariodesanpedro.com.ar\/sitio\/wp-json\/wp\/v2\/tags?post=55285"}],"curies":[{"name":"wp","href":"https:\/\/api.w.org\/{rel}","templated":true}]}}