{"id":55282,"date":"2019-06-27T13:38:02","date_gmt":"2019-06-27T16:38:02","guid":{"rendered":"https:\/\/eldiariodesanpedro.com.ar\/sitio\/?p=55282"},"modified":"2019-06-27T13:38:07","modified_gmt":"2019-06-27T16:38:07","slug":"pergamino-operario-murio-asfixiado-al-caer-en-un-silo","status":"publish","type":"post","link":"https:\/\/eldiariodesanpedro.com.ar\/sitio\/pergamino-operario-murio-asfixiado-al-caer-en-un-silo\/","title":{"rendered":"PERGAMINO:  Operario muri\u00f3 asfixiado al caer en un silo"},"content":{"rendered":"<!-- VideographyWP Plugin Message: Automatic video embedding prevented by plugin options. -->\n\n<p>Roberto Adri\u00e1n G\u00edmenez, de 33 a\u00f1os cay\u00f3 dentro de un silo mientras hac\u00edan tareas de mantenimiento y muri\u00f3 asfixiado.<\/p>\n\n\n\n<p>Un operario de una planta de acopio de cereales muri\u00f3 asfixiado por los granos al caer al interior de un silo mientras realizaba tareas de mantenimiento el mi\u00e9rcoles a la tarde en Guerrico.<\/p>\n\n\n\n<p>El fatal siniestro laboral ocurri\u00f3 el mi\u00e9rcoles a las 14:00 en el predio de la empresa Tachagro ubicada en el kil\u00f3metro 41 de la ruta nacional 188 y tuvo como v\u00edctima a Roberto Adri\u00e1n Gim\u00e9nez, de 33 a\u00f1os de edad.<\/p>\n\n\n\n<p>Tal como surge de la informaci\u00f3n policial el siniestro ocurri\u00f3 cuando Gim\u00e9nez se encontraba realizando tareas de limpieza dentro de un silo, mientras la noria de la parte inferior estaba funcionando.<\/p>\n\n\n\n<p>Aparentemente durante las labores del operario se desprendieron los granos de soja pegados a las paredes interiores del silo y se produjo la ca\u00edda del empleado a la parte m\u00e1s baja del silo.<\/p>\n\n\n\n<p>Los granos de cereales asfixiaron al empleado rural y sufri\u00f3 la muerte a los pocos segundos; tal como surge de las actuaciones policiales y judiciales. Al lugar del siniestro concurri\u00f3 una brigada policial del puesto de vigilancia Guerrico; una dotaci\u00f3n de Bomberos Voluntarios de Pergamino y una ambulancia de Same.<\/p>\n\n\n\n<p>\n\nFuente: Semanario del Tiempo\n\n<\/p>\n","protected":false},"excerpt":{"rendered":"<p>Roberto Adri\u00e1n G\u00edmenez, de 33 a\u00f1os cay\u00f3 dentro de un silo mientras hac\u00edan tareas de mantenimiento y muri\u00f3 asfixiado. Un operario de una planta de acopio de cereales muri\u00f3 asfixiado por los granos al caer al interior de un silo mientras realizaba tareas de mantenimiento el mi\u00e9rcoles a la tarde en Guerrico. El fatal siniestro [&hellip;]<\/p>\n","protected":false},"author":4,"featured_media":55283,"comment_status":"open","ping_status":"closed","sticky":false,"template":"","format":"standard","meta":{"om_disable_all_campaigns":false,"_jetpack_memberships_contains_paid_content":false,"footnotes":""},"categories":[621],"tags":[],"class_list":["post-55282","post","type-post","status-publish","format-standard","has-post-thumbnail","hentry","category-regionales"],"aioseo_notices":[],"gutentor_comment":0,"jetpack_featured_media_url":"https:\/\/eldiariodesanpedro.com.ar\/sitio\/wp-content\/uploads\/2019\/06\/a4-21-750x420_0.jpg","jetpack_shortlink":"https:\/\/wp.me\/p6RhLt-enE","jetpack_sharing_enabled":true,"_links":{"self":[{"href":"https:\/\/eldiariodesanpedro.com.ar\/sitio\/wp-json\/wp\/v2\/posts\/55282","targetHints":{"allow":["GET"]}}],"collection":[{"href":"https:\/\/eldiariodesanpedro.com.ar\/sitio\/wp-json\/wp\/v2\/posts"}],"about":[{"href":"https:\/\/eldiariodesanpedro.com.ar\/sitio\/wp-json\/wp\/v2\/types\/post"}],"author":[{"embeddable":true,"href":"https:\/\/eldiariodesanpedro.com.ar\/sitio\/wp-json\/wp\/v2\/users\/4"}],"replies":[{"embeddable":true,"href":"https:\/\/eldiariodesanpedro.com.ar\/sitio\/wp-json\/wp\/v2\/comments?post=55282"}],"version-history":[{"count":1,"href":"https:\/\/eldiariodesanpedro.com.ar\/sitio\/wp-json\/wp\/v2\/posts\/55282\/revisions"}],"predecessor-version":[{"id":55284,"href":"https:\/\/eldiariodesanpedro.com.ar\/sitio\/wp-json\/wp\/v2\/posts\/55282\/revisions\/55284"}],"wp:featuredmedia":[{"embeddable":true,"href":"https:\/\/eldiariodesanpedro.com.ar\/sitio\/wp-json\/wp\/v2\/media\/55283"}],"wp:attachment":[{"href":"https:\/\/eldiariodesanpedro.com.ar\/sitio\/wp-json\/wp\/v2\/media?parent=55282"}],"wp:term":[{"taxonomy":"category","embeddable":true,"href":"https:\/\/eldiariodesanpedro.com.ar\/sitio\/wp-json\/wp\/v2\/categories?post=55282"},{"taxonomy":"post_tag","embeddable":true,"href":"https:\/\/eldiariodesanpedro.com.ar\/sitio\/wp-json\/wp\/v2\/tags?post=55282"}],"curies":[{"name":"wp","href":"https:\/\/api.w.org\/{rel}","templated":true}]}}