{"id":55279,"date":"2019-06-27T13:36:34","date_gmt":"2019-06-27T16:36:34","guid":{"rendered":"https:\/\/eldiariodesanpedro.com.ar\/sitio\/?p=55279"},"modified":"2019-06-27T13:36:38","modified_gmt":"2019-06-27T16:36:38","slug":"ramallo-un-depravado-sexual-abuso-de-un-menor","status":"publish","type":"post","link":"https:\/\/eldiariodesanpedro.com.ar\/sitio\/ramallo-un-depravado-sexual-abuso-de-un-menor\/","title":{"rendered":"RAMALLO: Un depravado sexual abus\u00f3 de un menor"},"content":{"rendered":"<!-- VideographyWP Plugin Message: Automatic video embedding prevented by plugin options. -->\n\n<p>\n\nEste martes, un hombre fue aprehendido por la polic\u00eda tras abusar de un menor de 4 a\u00f1os en el CIM.<\/p>\n\n\n\n<p>Se trata de otro caso de la ineficacia de la Justicia, ya que el detenido ten\u00eda antecedentes criminales y segu\u00eda libre.<\/p>\n\n\n\n<p>En esta oportunidad, el martes a las 6 de la tarde, estuvo en el CIM de Espa\u00f1a y Santa Fe, en Ramallo pueblo, y habr\u00eda tocado en sus partes \u00edntimas a un menor de 4 a\u00f1os y proferido obscenidades a otro de 9.<\/p>\n\n\n\n<p>La madre de estas v\u00edctimas fue quien lo denunci\u00f3 en la Comisar\u00eda Primera y r\u00e1pidamente fue aprehendido, bajo los cargos de abuso sexual simple e infracci\u00f3n a la ley de violencia hacia la mujer.<\/p>\n\n\n\n<p>El detenido fue puesto a disposici\u00f3n de la Fiscal\u00eda 6 de San Nicol\u00e1s.<\/p>\n\n\n\n<p>Fuente: Ramallo Informa<\/p>\n","protected":false},"excerpt":{"rendered":"<p>Este martes, un hombre fue aprehendido por la polic\u00eda tras abusar de un menor de 4 a\u00f1os en el CIM. Se trata de otro caso de la ineficacia de la Justicia, ya que el detenido ten\u00eda antecedentes criminales y segu\u00eda libre. En esta oportunidad, el martes a las 6 de la tarde, estuvo en el [&hellip;]<\/p>\n","protected":false},"author":4,"featured_media":55280,"comment_status":"open","ping_status":"closed","sticky":false,"template":"","format":"standard","meta":{"om_disable_all_campaigns":false,"_jetpack_memberships_contains_paid_content":false,"footnotes":""},"categories":[621],"tags":[],"class_list":["post-55279","post","type-post","status-publish","format-standard","has-post-thumbnail","hentry","category-regionales"],"aioseo_notices":[],"gutentor_comment":0,"jetpack_featured_media_url":"https:\/\/eldiariodesanpedro.com.ar\/sitio\/wp-content\/uploads\/2019\/06\/detenido-cuchillo.jpg","jetpack_shortlink":"https:\/\/wp.me\/p6RhLt-enB","jetpack_sharing_enabled":true,"_links":{"self":[{"href":"https:\/\/eldiariodesanpedro.com.ar\/sitio\/wp-json\/wp\/v2\/posts\/55279","targetHints":{"allow":["GET"]}}],"collection":[{"href":"https:\/\/eldiariodesanpedro.com.ar\/sitio\/wp-json\/wp\/v2\/posts"}],"about":[{"href":"https:\/\/eldiariodesanpedro.com.ar\/sitio\/wp-json\/wp\/v2\/types\/post"}],"author":[{"embeddable":true,"href":"https:\/\/eldiariodesanpedro.com.ar\/sitio\/wp-json\/wp\/v2\/users\/4"}],"replies":[{"embeddable":true,"href":"https:\/\/eldiariodesanpedro.com.ar\/sitio\/wp-json\/wp\/v2\/comments?post=55279"}],"version-history":[{"count":1,"href":"https:\/\/eldiariodesanpedro.com.ar\/sitio\/wp-json\/wp\/v2\/posts\/55279\/revisions"}],"predecessor-version":[{"id":55281,"href":"https:\/\/eldiariodesanpedro.com.ar\/sitio\/wp-json\/wp\/v2\/posts\/55279\/revisions\/55281"}],"wp:featuredmedia":[{"embeddable":true,"href":"https:\/\/eldiariodesanpedro.com.ar\/sitio\/wp-json\/wp\/v2\/media\/55280"}],"wp:attachment":[{"href":"https:\/\/eldiariodesanpedro.com.ar\/sitio\/wp-json\/wp\/v2\/media?parent=55279"}],"wp:term":[{"taxonomy":"category","embeddable":true,"href":"https:\/\/eldiariodesanpedro.com.ar\/sitio\/wp-json\/wp\/v2\/categories?post=55279"},{"taxonomy":"post_tag","embeddable":true,"href":"https:\/\/eldiariodesanpedro.com.ar\/sitio\/wp-json\/wp\/v2\/tags?post=55279"}],"curies":[{"name":"wp","href":"https:\/\/api.w.org\/{rel}","templated":true}]}}