{"id":55274,"date":"2019-06-27T11:59:36","date_gmt":"2019-06-27T14:59:36","guid":{"rendered":"https:\/\/eldiariodesanpedro.com.ar\/sitio\/?p=55274"},"modified":"2019-06-27T11:59:41","modified_gmt":"2019-06-27T14:59:41","slug":"zarate-despedidos-de-la-empresa-unilever-representados-por-el-sindicato-quimico-de-zarate-acampan-frente-a-la-secretaria-de-trabajo","status":"publish","type":"post","link":"https:\/\/eldiariodesanpedro.com.ar\/sitio\/zarate-despedidos-de-la-empresa-unilever-representados-por-el-sindicato-quimico-de-zarate-acampan-frente-a-la-secretaria-de-trabajo\/","title":{"rendered":"Z\u00c1RATE: Despedidos de la empresa Unilever representados por el Sindicato Qu\u00edmico de Z\u00e1rate acampan frente a la Secretar\u00eda de Trabajo"},"content":{"rendered":"<!-- VideographyWP Plugin Message: Automatic video embedding prevented by plugin options. -->\n\n<p>El despido de 16 trabajadores el lunes por la ma\u00f1ana origin\u00f3 la reacci\u00f3n de 140 compa\u00f1eros, que desde entonces se manifestaron en contra de la decisi\u00f3n de la empresa. El martes hubo reuni\u00f3n en la delegaci\u00f3n de Gualeguaych\u00fa de la secretar\u00eda provincial de\u00a0Trabajo, entre los representantes sindicales y voceros de la empresa, pero no hubo acuerdo.<\/p>\n\n\n\n<p>Fue en ese marco, que los trabajadores agrupados en el Sindicato de Qu\u00edmicos y Petroqu\u00edmicos de Z\u00e1rate decidieron levantar una carpa en plena calle, frente a la Secretar\u00eda de Trabajo, donde se realiz\u00f3 el encuentro.<\/p>\n\n\n\n<p>Desde el Sindicato se esperaba el dictado de la Conciliaci\u00f3n Obligatoria para que los 16 despedidos regresaran a sus puestos de trabajo, pero la reuni\u00f3n no tuvo el desenlace esperado y por ello se decidi\u00f3 montar una carpa de 10 metros de largo por 5 metros de ancho que ocupa pr\u00e1cticamente toda la calzada.<\/p>\n\n\n\n<figure class=\"wp-block-image\"><img decoding=\"async\" width=\"642\" height=\"428\" data-attachment-id=\"55276\" data-permalink=\"https:\/\/eldiariodesanpedro.com.ar\/sitio\/zarate-despedidos-de-la-empresa-unilever-representados-por-el-sindicato-quimico-de-zarate-acampan-frente-a-la-secretaria-de-trabajo\/despidos-en-unilever\/\" data-orig-file=\"https:\/\/eldiariodesanpedro.com.ar\/sitio\/wp-content\/uploads\/2019\/06\/despidos-en-unilever.jpg\" data-orig-size=\"642,428\" data-comments-opened=\"1\" data-image-meta=\"{&quot;aperture&quot;:&quot;0&quot;,&quot;credit&quot;:&quot;&quot;,&quot;camera&quot;:&quot;&quot;,&quot;caption&quot;:&quot;&quot;,&quot;created_timestamp&quot;:&quot;0&quot;,&quot;copyright&quot;:&quot;&quot;,&quot;focal_length&quot;:&quot;0&quot;,&quot;iso&quot;:&quot;0&quot;,&quot;shutter_speed&quot;:&quot;0&quot;,&quot;title&quot;:&quot;&quot;,&quot;orientation&quot;:&quot;0&quot;}\" data-image-title=\"despidos-en-unilever\" data-image-description=\"\" data-image-caption=\"\" data-large-file=\"https:\/\/eldiariodesanpedro.com.ar\/sitio\/wp-content\/uploads\/2019\/06\/despidos-en-unilever.jpg\" data-src=\"https:\/\/eldiariodesanpedro.com.ar\/sitio\/wp-content\/uploads\/2019\/06\/despidos-en-unilever.jpg\" alt=\"\" class=\"wp-image-55276 lazyload\" data-srcset=\"https:\/\/eldiariodesanpedro.com.ar\/sitio\/wp-content\/uploads\/2019\/06\/despidos-en-unilever.jpg 642w, https:\/\/eldiariodesanpedro.com.ar\/sitio\/wp-content\/uploads\/2019\/06\/despidos-en-unilever-300x200.jpg 300w\" data-sizes=\"(max-width: 642px) 100vw, 642px\" src=\"data:image\/svg+xml;base64,PHN2ZyB3aWR0aD0iMSIgaGVpZ2h0PSIxIiB4bWxucz0iaHR0cDovL3d3dy53My5vcmcvMjAwMC9zdmciPjwvc3ZnPg==\" style=\"--smush-placeholder-width: 642px; --smush-placeholder-aspect-ratio: 642\/428;\" \/><\/figure>\n","protected":false},"excerpt":{"rendered":"<p>El despido de 16 trabajadores el lunes por la ma\u00f1ana origin\u00f3 la reacci\u00f3n de 140 compa\u00f1eros, que desde entonces se manifestaron en contra de la decisi\u00f3n de la empresa. El martes hubo reuni\u00f3n en la delegaci\u00f3n de Gualeguaych\u00fa de la secretar\u00eda provincial de\u00a0Trabajo, entre los representantes sindicales y voceros de la empresa, pero no hubo [&hellip;]<\/p>\n","protected":false},"author":4,"featured_media":55275,"comment_status":"open","ping_status":"closed","sticky":false,"template":"","format":"standard","meta":{"om_disable_all_campaigns":false,"_jetpack_memberships_contains_paid_content":false,"footnotes":""},"categories":[621],"tags":[],"class_list":["post-55274","post","type-post","status-publish","format-standard","has-post-thumbnail","hentry","category-regionales"],"aioseo_notices":[],"gutentor_comment":0,"jetpack_featured_media_url":"https:\/\/eldiariodesanpedro.com.ar\/sitio\/wp-content\/uploads\/2019\/06\/acampe-qu\u00edmico.jpg","jetpack_shortlink":"https:\/\/wp.me\/p6RhLt-enw","jetpack_sharing_enabled":true,"_links":{"self":[{"href":"https:\/\/eldiariodesanpedro.com.ar\/sitio\/wp-json\/wp\/v2\/posts\/55274","targetHints":{"allow":["GET"]}}],"collection":[{"href":"https:\/\/eldiariodesanpedro.com.ar\/sitio\/wp-json\/wp\/v2\/posts"}],"about":[{"href":"https:\/\/eldiariodesanpedro.com.ar\/sitio\/wp-json\/wp\/v2\/types\/post"}],"author":[{"embeddable":true,"href":"https:\/\/eldiariodesanpedro.com.ar\/sitio\/wp-json\/wp\/v2\/users\/4"}],"replies":[{"embeddable":true,"href":"https:\/\/eldiariodesanpedro.com.ar\/sitio\/wp-json\/wp\/v2\/comments?post=55274"}],"version-history":[{"count":1,"href":"https:\/\/eldiariodesanpedro.com.ar\/sitio\/wp-json\/wp\/v2\/posts\/55274\/revisions"}],"predecessor-version":[{"id":55277,"href":"https:\/\/eldiariodesanpedro.com.ar\/sitio\/wp-json\/wp\/v2\/posts\/55274\/revisions\/55277"}],"wp:featuredmedia":[{"embeddable":true,"href":"https:\/\/eldiariodesanpedro.com.ar\/sitio\/wp-json\/wp\/v2\/media\/55275"}],"wp:attachment":[{"href":"https:\/\/eldiariodesanpedro.com.ar\/sitio\/wp-json\/wp\/v2\/media?parent=55274"}],"wp:term":[{"taxonomy":"category","embeddable":true,"href":"https:\/\/eldiariodesanpedro.com.ar\/sitio\/wp-json\/wp\/v2\/categories?post=55274"},{"taxonomy":"post_tag","embeddable":true,"href":"https:\/\/eldiariodesanpedro.com.ar\/sitio\/wp-json\/wp\/v2\/tags?post=55274"}],"curies":[{"name":"wp","href":"https:\/\/api.w.org\/{rel}","templated":true}]}}